{"id":6146,"date":"2025-05-04T10:18:22","date_gmt":"2025-05-04T13:18:22","guid":{"rendered":"https:\/\/espacolivresergipe.com.br\/?p=6146"},"modified":"2025-05-04T10:18:23","modified_gmt":"2025-05-04T13:18:23","slug":"motociclista-morre-apos-colisao-frontal-com-caminhao-na-rodovia-se-230-em-gloria","status":"publish","type":"post","link":"https:\/\/espacolivresergipe.com.br\/index.php\/2025\/05\/04\/motociclista-morre-apos-colisao-frontal-com-caminhao-na-rodovia-se-230-em-gloria\/","title":{"rendered":"Motociclista morre ap\u00f3s colis\u00e3o frontal com caminh\u00e3o na rodovia SE-230 em Gl\u00f3ria"},"content":{"rendered":"\n<p>Um motociclista morreu na madrugada deste domingo (04), ap\u00f3s colidir uma CG 150 Titan com um caminh\u00e3o Volkswagen Delivery, na rodovia SE-230, em Nossa Senhora da Gl\u00f3ria.<\/p>\n\n\n\n<p>As informa\u00e7\u00f5es passadas pelo Batalh\u00e3o de Pol\u00edcia Rodovi\u00e1ria Estadual (BPRv) s\u00e3o de que &nbsp;o caminh\u00e3o trafegava no sentido Monte Alegre\u2013Nossa Senhora da Gl\u00f3ria e seguia em dire\u00e7\u00e3o contr\u00e1ria quando colidiu de frente com o ve\u00edculo de carga.<\/p>\n\n\n\n<p>Uma equipe do Servi\u00e7o de Atendimento M\u00f3vel de Urg\u00eancia (Samu) esteve no local e constatou o \u00f3bito do motocilista no local. Ainda segundo o BPRv, a v\u00edtima n\u00e3o portava documentos pessoais.<\/p>\n\n\n\n<p>O corpo foi recolhido pelo Instituto M\u00e9dico Legal (IML).<\/p>\n\n\n\n<p>O motorista do caminh\u00e3o foi submetido ao teste do etil\u00f4metro, que deu resultado negativo para ingest\u00e3o de \u00e1lcool (0,00 mg\/L). Ele e o passageiro n\u00e3o sofreram ferimentos.<\/p>\n\n\n\n<p>Foto: BPRv<\/p>\n","protected":false},"excerpt":{"rendered":"<p>Um motociclista morreu na madrugada deste domingo (04), ap\u00f3s colidir uma CG 150 Titan com um caminh\u00e3o Volkswagen Delivery, na rodovia SE-230, em Nossa Senhora da Gl\u00f3ria. As informa\u00e7\u00f5es passadas pelo Batalh\u00e3o de Pol\u00edcia Rodovi\u00e1ria Estadual (BPRv) s\u00e3o de que &nbsp;o caminh\u00e3o trafegava no sentido Monte Alegre\u2013Nossa Senhora da Gl\u00f3ria e seguia em dire\u00e7\u00e3o contr\u00e1ria [&hellip;]<\/p>\n","protected":false},"author":2,"featured_media":6147,"comment_status":"open","ping_status":"open","sticky":false,"template":"","format":"standard","meta":{"footnotes":""},"categories":[6,7],"tags":[],"class_list":["post-6146","post","type-post","status-publish","format-standard","has-post-thumbnail","hentry","category-letreiro","category-sergipe"],"_links":{"self":[{"href":"https:\/\/espacolivresergipe.com.br\/index.php\/wp-json\/wp\/v2\/posts\/6146","targetHints":{"allow":["GET"]}}],"collection":[{"href":"https:\/\/espacolivresergipe.com.br\/index.php\/wp-json\/wp\/v2\/posts"}],"about":[{"href":"https:\/\/espacolivresergipe.com.br\/index.php\/wp-json\/wp\/v2\/types\/post"}],"author":[{"embeddable":true,"href":"https:\/\/espacolivresergipe.com.br\/index.php\/wp-json\/wp\/v2\/users\/2"}],"replies":[{"embeddable":true,"href":"https:\/\/espacolivresergipe.com.br\/index.php\/wp-json\/wp\/v2\/comments?post=6146"}],"version-history":[{"count":1,"href":"https:\/\/espacolivresergipe.com.br\/index.php\/wp-json\/wp\/v2\/posts\/6146\/revisions"}],"predecessor-version":[{"id":6148,"href":"https:\/\/espacolivresergipe.com.br\/index.php\/wp-json\/wp\/v2\/posts\/6146\/revisions\/6148"}],"wp:featuredmedia":[{"embeddable":true,"href":"https:\/\/espacolivresergipe.com.br\/index.php\/wp-json\/wp\/v2\/media\/6147"}],"wp:attachment":[{"href":"https:\/\/espacolivresergipe.com.br\/index.php\/wp-json\/wp\/v2\/media?parent=6146"}],"wp:term":[{"taxonomy":"category","embeddable":true,"href":"https:\/\/espacolivresergipe.com.br\/index.php\/wp-json\/wp\/v2\/categories?post=6146"},{"taxonomy":"post_tag","embeddable":true,"href":"https:\/\/espacolivresergipe.com.br\/index.php\/wp-json\/wp\/v2\/tags?post=6146"}],"curies":[{"name":"wp","href":"https:\/\/api.w.org\/{rel}","templated":true}]}}