{"id":6162,"date":"2025-05-05T05:42:21","date_gmt":"2025-05-05T08:42:21","guid":{"rendered":"https:\/\/espacolivresergipe.com.br\/?p=6162"},"modified":"2025-05-05T05:42:22","modified_gmt":"2025-05-05T08:42:22","slug":"colisao-entre-motociclista-e-carro-de-passeio-termina-em-morte-na-rodovia-se-100-na-barra-dos-coqueiros","status":"publish","type":"post","link":"https:\/\/espacolivresergipe.com.br\/index.php\/2025\/05\/05\/colisao-entre-motociclista-e-carro-de-passeio-termina-em-morte-na-rodovia-se-100-na-barra-dos-coqueiros\/","title":{"rendered":"Colis\u00e3o entre motociclista e carro de passeio termina em morte na Rodovia SE-100, na Barra dos Coqueiros"},"content":{"rendered":"\n<p>Um acidente envolvendo uma motocicleta e um carro de passeio deixou uma pessoar morta neste domingo (04), na Rodovia SE-100, na Barra dos Coqueiros.<\/p>\n\n\n\n<p>As informa\u00e7\u00f5es passadas pelo Batalh\u00e3o de Pol\u00edcia Rodovi\u00e1ria (BPRv) s\u00e3o de que v\u00edtima identificada como Reginaldo da Silva dos Santos, de 44 anos, foi socorrido por uma uma equipe do Servi\u00e7o de Atendimento M\u00f3vel de Urg\u00eancia (SAMU), mas a v\u00edtima n\u00e3o resistiu aos ferimentos e morreu.<\/p>\n\n\n\n<p>De acordo com o BPRv, o acidente aconteceu no momento em que o autom\u00f3vel tentava realizar o retorno na rodovia quando acabou colidindo na lateralmente com a motocicleta.<\/p>\n\n\n\n<p>O BPRv informou ainda que a motorista do carro permaneceu no local e se submeteu ao teste do etil\u00f4metro, cujo resultado foi negativo para ingest\u00e3o de \u00e1lcool (0,00 mg\/L).<\/p>\n\n\n\n<p>O carro e a moto estavam devidamente licenciados e sem qualquer tipo de restri\u00e7\u00e3o, sendo liberados posteriormente aos respons\u00e1veis.<\/p>\n\n\n\n<p>Em seguida condutora foi conduzida \u00e0 Delegacia de Pol\u00edcia Civil Plantonista, onde prestou depoimento para contribuir com a investiga\u00e7\u00e3o que ser\u00e1 instaurada para apurar as circunst\u00e2ncias do acidente.<\/p>\n\n\n\n<p>Com informa\u00e7\u00f5es e foto do BPRv<\/p>\n","protected":false},"excerpt":{"rendered":"<p>Um acidente envolvendo uma motocicleta e um carro de passeio deixou uma pessoar morta neste domingo (04), na Rodovia SE-100, na Barra dos Coqueiros. As informa\u00e7\u00f5es passadas pelo Batalh\u00e3o de Pol\u00edcia Rodovi\u00e1ria (BPRv) s\u00e3o de que v\u00edtima identificada como Reginaldo da Silva dos Santos, de 44 anos, foi socorrido por uma uma equipe do Servi\u00e7o [&hellip;]<\/p>\n","protected":false},"author":2,"featured_media":6163,"comment_status":"open","ping_status":"open","sticky":false,"template":"","format":"standard","meta":{"footnotes":""},"categories":[12,6,7],"tags":[],"class_list":["post-6162","post","type-post","status-publish","format-standard","has-post-thumbnail","hentry","category-agora","category-letreiro","category-sergipe"],"_links":{"self":[{"href":"https:\/\/espacolivresergipe.com.br\/index.php\/wp-json\/wp\/v2\/posts\/6162","targetHints":{"allow":["GET"]}}],"collection":[{"href":"https:\/\/espacolivresergipe.com.br\/index.php\/wp-json\/wp\/v2\/posts"}],"about":[{"href":"https:\/\/espacolivresergipe.com.br\/index.php\/wp-json\/wp\/v2\/types\/post"}],"author":[{"embeddable":true,"href":"https:\/\/espacolivresergipe.com.br\/index.php\/wp-json\/wp\/v2\/users\/2"}],"replies":[{"embeddable":true,"href":"https:\/\/espacolivresergipe.com.br\/index.php\/wp-json\/wp\/v2\/comments?post=6162"}],"version-history":[{"count":1,"href":"https:\/\/espacolivresergipe.com.br\/index.php\/wp-json\/wp\/v2\/posts\/6162\/revisions"}],"predecessor-version":[{"id":6164,"href":"https:\/\/espacolivresergipe.com.br\/index.php\/wp-json\/wp\/v2\/posts\/6162\/revisions\/6164"}],"wp:featuredmedia":[{"embeddable":true,"href":"https:\/\/espacolivresergipe.com.br\/index.php\/wp-json\/wp\/v2\/media\/6163"}],"wp:attachment":[{"href":"https:\/\/espacolivresergipe.com.br\/index.php\/wp-json\/wp\/v2\/media?parent=6162"}],"wp:term":[{"taxonomy":"category","embeddable":true,"href":"https:\/\/espacolivresergipe.com.br\/index.php\/wp-json\/wp\/v2\/categories?post=6162"},{"taxonomy":"post_tag","embeddable":true,"href":"https:\/\/espacolivresergipe.com.br\/index.php\/wp-json\/wp\/v2\/tags?post=6162"}],"curies":[{"name":"wp","href":"https:\/\/api.w.org\/{rel}","templated":true}]}}