{"id":6168,"date":"2025-05-05T06:14:23","date_gmt":"2025-05-05T09:14:23","guid":{"rendered":"https:\/\/espacolivresergipe.com.br\/?p=6168"},"modified":"2025-05-05T06:14:24","modified_gmt":"2025-05-05T09:14:24","slug":"comite-operacional-de-aracaju-reforca-acoes-integradas-para-minimizar-efeitos-das-chuvas","status":"publish","type":"post","link":"https:\/\/espacolivresergipe.com.br\/index.php\/2025\/05\/05\/comite-operacional-de-aracaju-reforca-acoes-integradas-para-minimizar-efeitos-das-chuvas\/","title":{"rendered":"Comit\u00ea Operacional de Aracaju refor\u00e7a a\u00e7\u00f5es integradas para minimizar efeitos das chuvas"},"content":{"rendered":"\n<p>A Prefeitura de Aracaju, por meio do Comit\u00ea Operacional de Aracaju (COA), intensificou neste fim de semana as a\u00e7\u00f5es preventivas e de resposta r\u00e1pida diante das chuvas que atingem a capital desde a \u00faltima sexta-feira, 3. De acordo com balan\u00e7o divulgado pela Defesa Civil at\u00e9 as 10h deste domingo, 4, os efeitos das chuvas v\u00eam sendo acompanhados de perto, com atua\u00e7\u00e3o coordenada dos \u00f3rg\u00e3os municipais para garantir seguran\u00e7a e reduzir impactos \u00e0 popula\u00e7\u00e3o.<\/p>\n\n\n\n<p>O maior acumulado de chuva nas \u00faltimas 48 horas foi de 176 mm, registrado no bairro Ponto Novo. A chuva do m\u00eas j\u00e1 soma 177,5 mm, aproximando-se da m\u00e9dia hist\u00f3rica de maio, que \u00e9 de 275 mm. As regi\u00f5es Norte e Central registraram as precipita\u00e7\u00f5es mais intensas, especialmente na madrugada de domingo.<\/p>\n\n\n\n<p>Ao longo do per\u00edodo, foram registradas 16 situa\u00e7\u00f5es pontuais, como alagamentos e avalia\u00e7\u00f5es preventivas de risco estrutural. As equipes da Defesa Civil, da Empresa Municipal de Obras e Urbaniza\u00e7\u00e3o (Emurb) e da Empresa Municipal de Servi\u00e7os Urbanos (Emsurb) atuaram de forma integrada, realizando a\u00e7\u00f5es emergenciais, como a escava\u00e7\u00e3o de valas no bairro Soledade, al\u00e9m de servi\u00e7os de limpeza de canais, bocas de lobo e outras \u00e1reas afetadas pelas chuvas. Um com\u00e9rcio foi interditado no bairro S\u00e3o Conrado ap\u00f3s um princ\u00edpio de inc\u00eandio, sem registro de feridos.<\/p>\n\n\n\n<p>A\u00e7\u00f5es da Emsurb<\/p>\n\n\n\n<p>At\u00e9 o momento a Ger\u00eancia de \u00c1reas Verdes registrou a ocorr\u00eancia de duas quedas de \u00e1rvores: na pra\u00e7a Almirante Barroso, no Centro, e avenida Euclides Figueiredo. Em ambos os casos as equipes j\u00e1 em campo para o recolhimento e limpeza.<\/p>\n\n\n\n<p>Equipes do operacional atuando com servi\u00e7os de limpeza geral nos bairros Atalaia, Santa Maria, 17 de Mar\u00e7o, Centro, In\u00e1cio Barbosa, S\u00e3o Jos\u00e9.<\/p>\n\n\n\n<p>As aten\u00e7\u00f5es est\u00e3o voltadas ainda para o recolhimento de res\u00edduos acumulados em canais do conjunto JK, na Jabotiana, avenida Airton Teles, Centro, canal do bairro Industrial e da avenida Francisco Moreira, no Luzia.<\/p>\n\n\n\n<p>No bairro Jabotiana, a aten\u00e7\u00e3o permanece voltada para o Rio Poxim, que impacta diretamente \u00e1reas como o Largo da Aparecida, sob constante monitoramento dos t\u00e9cnicos da Defesa Civil.<\/p>\n\n\n\n<p>Apoio \u00e0s fam\u00edlias<\/p>\n\n\n\n<p>A Secretaria Municipal da Fam\u00edlia e da Assist\u00eancia Social (Semfas) prestou atendimento a tr\u00eas fam\u00edlias, duas no bairro Porto Dantas e uma no Jardim Centen\u00e1rio, totalizando 12 pessoas. Foram distribu\u00eddos colch\u00f5es, cestas b\u00e1sicas e kits de limpeza, como parte das a\u00e7\u00f5es emergenciais de acolhimento e suporte social.<\/p>\n\n\n\n<p>Previs\u00e3o e acompanhamento<\/p>\n\n\n\n<p>A previs\u00e3o indica tempo nublado com chuvas de intensidade fraca a moderada at\u00e9 as 23h55 da segunda-feira, 5. O alerta da Defesa Civil, vigente desde a noite do dia 2 de maio, segue ativo por 72 horas. As equipes permanecem mobilizadas em regime de plant\u00e3o, com monitoramento constante das \u00e1reas de risco.<\/p>\n\n\n\n<p>A popula\u00e7\u00e3o pode acionar a Defesa Civil em caso de emerg\u00eancia pelo n\u00famero 199, dispon\u00edvel 24 horas.<\/p>\n\n\n\n<p>Texto e foto AAN<\/p>\n","protected":false},"excerpt":{"rendered":"<p>A Prefeitura de Aracaju, por meio do Comit\u00ea Operacional de Aracaju (COA), intensificou neste fim de semana as a\u00e7\u00f5es preventivas e de resposta r\u00e1pida diante das chuvas que atingem a capital desde a \u00faltima sexta-feira, 3. De acordo com balan\u00e7o divulgado pela Defesa Civil at\u00e9 as 10h deste domingo, 4, os efeitos das chuvas v\u00eam [&hellip;]<\/p>\n","protected":false},"author":2,"featured_media":6169,"comment_status":"open","ping_status":"open","sticky":false,"template":"","format":"standard","meta":{"footnotes":""},"categories":[12,10],"tags":[],"class_list":["post-6168","post","type-post","status-publish","format-standard","has-post-thumbnail","hentry","category-agora","category-noticias"],"_links":{"self":[{"href":"https:\/\/espacolivresergipe.com.br\/index.php\/wp-json\/wp\/v2\/posts\/6168","targetHints":{"allow":["GET"]}}],"collection":[{"href":"https:\/\/espacolivresergipe.com.br\/index.php\/wp-json\/wp\/v2\/posts"}],"about":[{"href":"https:\/\/espacolivresergipe.com.br\/index.php\/wp-json\/wp\/v2\/types\/post"}],"author":[{"embeddable":true,"href":"https:\/\/espacolivresergipe.com.br\/index.php\/wp-json\/wp\/v2\/users\/2"}],"replies":[{"embeddable":true,"href":"https:\/\/espacolivresergipe.com.br\/index.php\/wp-json\/wp\/v2\/comments?post=6168"}],"version-history":[{"count":1,"href":"https:\/\/espacolivresergipe.com.br\/index.php\/wp-json\/wp\/v2\/posts\/6168\/revisions"}],"predecessor-version":[{"id":6170,"href":"https:\/\/espacolivresergipe.com.br\/index.php\/wp-json\/wp\/v2\/posts\/6168\/revisions\/6170"}],"wp:featuredmedia":[{"embeddable":true,"href":"https:\/\/espacolivresergipe.com.br\/index.php\/wp-json\/wp\/v2\/media\/6169"}],"wp:attachment":[{"href":"https:\/\/espacolivresergipe.com.br\/index.php\/wp-json\/wp\/v2\/media?parent=6168"}],"wp:term":[{"taxonomy":"category","embeddable":true,"href":"https:\/\/espacolivresergipe.com.br\/index.php\/wp-json\/wp\/v2\/categories?post=6168"},{"taxonomy":"post_tag","embeddable":true,"href":"https:\/\/espacolivresergipe.com.br\/index.php\/wp-json\/wp\/v2\/tags?post=6168"}],"curies":[{"name":"wp","href":"https:\/\/api.w.org\/{rel}","templated":true}]}}