{"id":6208,"date":"2025-05-05T10:21:32","date_gmt":"2025-05-05T13:21:32","guid":{"rendered":"https:\/\/espacolivresergipe.com.br\/?p=6208"},"modified":"2025-05-05T10:21:33","modified_gmt":"2025-05-05T13:21:33","slug":"prefeito-vado-gaviao-apoia-o-nome-de-jeferson-andrade-para-vice-governador-do-estado-de-sergipe","status":"publish","type":"post","link":"https:\/\/espacolivresergipe.com.br\/index.php\/2025\/05\/05\/prefeito-vado-gaviao-apoia-o-nome-de-jeferson-andrade-para-vice-governador-do-estado-de-sergipe\/","title":{"rendered":"Prefeito Vado Gavi\u00e3o apoia o nome de Jeferson Andrade para vice-governador do Estado de Sergipe"},"content":{"rendered":"\n<p>O prefeito Vado Gavi\u00e3o \u00e9 um homem de agrupamento pol\u00edtico e como gestor do munic\u00edpio de Po\u00e7o Redondo ele entende que as dificuldades s\u00e3o in\u00fameras e por isso se faz necess\u00e1rio tra\u00e7ar um planejamento com metas que devem ser alcan\u00e7adas em seu governo e assim come\u00e7ar uma longa caminhada rumo ao m\u00ednimo de desenvolvimento poss\u00edvel.<\/p>\n\n\n\n<p>Na semana passada, Vado Gavi\u00e3o surgiu em uma foto ao lado do deputado estadual Jeferson Andrade, mostrando nitidamente um sinal de apoio ao seu nome para vice-governador, caso seja de fato escolhido para compor a chapa de governo ao lado de F\u00e1bio Mitidiere que busca a sua reelei\u00e7\u00e3o. Como dito, o prefeito Vado Gavi\u00e3o \u00e9 homem de grupo.<\/p>\n\n\n\n<p>O ano de 2025 antecede 2026, momento em que acontecer\u00e3o as disputas pol\u00edticas para o cargo de governador do Estado de Sergipe. Nesse momento de articula\u00e7\u00f5es e estrat\u00e9gias, Andr\u00e9 Moura, l\u00edder do seu partido do prefeito Vado Gavi\u00e3o (UB), \u00e9 um forte apoiador da reelei\u00e7\u00e3o de F\u00e1bio Mitidiere que v\u00ea no deputado estadual e presidente da Alese, Jeferson Andrade, um pol\u00edtico com respaldo, experiente, bem orientado e com respaldo perante a classe pol\u00edtica de Sergipe. Entre outros valores, Jeferson \u00e9 considerado um homem fiel e por isso cotado para ser o vice-governador na chapa de Mitidiere e galga de apoio de diversas lideran\u00e7as em defesa dele.<\/p>\n\n\n\n<p>Vado Gavi\u00e3o \u00e9 um pol\u00edtico que caminha bem nas esferas do Estado e construiu sua simpatia ao longo de v\u00e1rios mandatos como vereador. Mas do que ningu\u00e9m, ele sabe a dificuldade de administrar um munic\u00edpio sem o apoio do Governo do Estado e dos amigos da pol\u00edtica. Sua rela\u00e7\u00e3o com a classe \u00e9 grande e bem aceita.<\/p>\n\n\n\n<p>Na fase de pr\u00e9-campanha e campanha de Vado Gavi\u00e3o, tanto Andr\u00e9 Moura quanto o governador F\u00e1bio Mitidiere, estiveram em Po\u00e7o Redondo por diversas vezes e teceram elogios ao pr\u00e9-candidato afirmando que ele \u2013 Vado Gavi\u00e3o \u2013 tinha todas as qualidades para administrar o munic\u00edpio e deles \u2013 Andr\u00e9 e Vado \u2013 teria apoio. As demonstra\u00e7\u00f5es de amizade e \u00e0 Vado amentou o capital e reputa\u00e7\u00e3o pol\u00edtica perante a popula\u00e7\u00e3o.<\/p>\n\n\n\n<p>Indispens\u00e1vel registrar que a vit\u00f3ria de Vado Gavi\u00e3o para prefeito de Po\u00e7o Redondo foi de 9.597 votos. Algo hist\u00f3rico no munic\u00edpio, com quase dois mil de diferen\u00e7a para a prefeita Aline Vasconcelos que tinha ao seu lado a articula\u00e7\u00e3o do ex-prefeito J\u00fanior Chagas.<\/p>\n\n\n\n<p>Vado sabe que retribuir a amizade e considera\u00e7\u00e3o F\u00e1bio e Andr\u00e9 Moura \u00e9 uma quest\u00e3o de gratid\u00e3o, um dos princ\u00edpios basilares da justi\u00e7a humana.<\/p>\n\n\n\n<p>Vado apoia o nome de Jeferson Andrade para vice-governador do Estado de Sergipe.<\/p>\n\n\n\n<p>Por Adeval Marques<\/p>\n","protected":false},"excerpt":{"rendered":"<p>O prefeito Vado Gavi\u00e3o \u00e9 um homem de agrupamento pol\u00edtico e como gestor do munic\u00edpio de Po\u00e7o Redondo ele entende que as dificuldades s\u00e3o in\u00fameras e por isso se faz necess\u00e1rio tra\u00e7ar um planejamento com metas que devem ser alcan\u00e7adas em seu governo e assim come\u00e7ar uma longa caminhada rumo ao m\u00ednimo de desenvolvimento poss\u00edvel. [&hellip;]<\/p>\n","protected":false},"author":2,"featured_media":6209,"comment_status":"open","ping_status":"open","sticky":false,"template":"","format":"standard","meta":{"footnotes":""},"categories":[12,6,2],"tags":[],"class_list":["post-6208","post","type-post","status-publish","format-standard","has-post-thumbnail","hentry","category-agora","category-letreiro","category-politica"],"_links":{"self":[{"href":"https:\/\/espacolivresergipe.com.br\/index.php\/wp-json\/wp\/v2\/posts\/6208","targetHints":{"allow":["GET"]}}],"collection":[{"href":"https:\/\/espacolivresergipe.com.br\/index.php\/wp-json\/wp\/v2\/posts"}],"about":[{"href":"https:\/\/espacolivresergipe.com.br\/index.php\/wp-json\/wp\/v2\/types\/post"}],"author":[{"embeddable":true,"href":"https:\/\/espacolivresergipe.com.br\/index.php\/wp-json\/wp\/v2\/users\/2"}],"replies":[{"embeddable":true,"href":"https:\/\/espacolivresergipe.com.br\/index.php\/wp-json\/wp\/v2\/comments?post=6208"}],"version-history":[{"count":1,"href":"https:\/\/espacolivresergipe.com.br\/index.php\/wp-json\/wp\/v2\/posts\/6208\/revisions"}],"predecessor-version":[{"id":6210,"href":"https:\/\/espacolivresergipe.com.br\/index.php\/wp-json\/wp\/v2\/posts\/6208\/revisions\/6210"}],"wp:featuredmedia":[{"embeddable":true,"href":"https:\/\/espacolivresergipe.com.br\/index.php\/wp-json\/wp\/v2\/media\/6209"}],"wp:attachment":[{"href":"https:\/\/espacolivresergipe.com.br\/index.php\/wp-json\/wp\/v2\/media?parent=6208"}],"wp:term":[{"taxonomy":"category","embeddable":true,"href":"https:\/\/espacolivresergipe.com.br\/index.php\/wp-json\/wp\/v2\/categories?post=6208"},{"taxonomy":"post_tag","embeddable":true,"href":"https:\/\/espacolivresergipe.com.br\/index.php\/wp-json\/wp\/v2\/tags?post=6208"}],"curies":[{"name":"wp","href":"https:\/\/api.w.org\/{rel}","templated":true}]}}