{"id":6262,"date":"2025-05-05T15:16:28","date_gmt":"2025-05-05T18:16:28","guid":{"rendered":"https:\/\/espacolivresergipe.com.br\/?p=6262"},"modified":"2025-05-05T15:16:29","modified_gmt":"2025-05-05T18:16:29","slug":"governadora-em-exercicio-recebe-equipe-da-defesa-civil-estadual-para-analisar-impactos-das-chuvas-em-sergipe","status":"publish","type":"post","link":"https:\/\/espacolivresergipe.com.br\/index.php\/2025\/05\/05\/governadora-em-exercicio-recebe-equipe-da-defesa-civil-estadual-para-analisar-impactos-das-chuvas-em-sergipe\/","title":{"rendered":"Governadora em exerc\u00edcio recebe equipe da Defesa Civil Estadual para analisar impactos das chuvas em Sergipe"},"content":{"rendered":"\n<p>A governadora em exerc\u00edcio de Sergipe, Iolanda Guimar\u00e3es, recebeu, nesta segunda-feira, 5, uma equipe da Defesa Civil Estadual para analisar os impactos das chuvas nos \u00faltimos dias em Sergipe. Ao lado dos secret\u00e1rios de Estado do Desenvolvimento Urbano e Infraestrutura (Sedurbi), Luiz Roberto Dantas, e da Casa Civil (Secc), Jorginho Araujo, o \u00f3rg\u00e3o levou os n\u00fameros de volume de \u00e1gua registrados no fim de semana e avaliou as ocorr\u00eancias pelo estado.<\/p>\n\n\n\n<p>\u201cEsta reuni\u00e3o foi fundamental para tratar das a\u00e7\u00f5es realizadas pela Defesa Civil e pelas diversas pastas do Estado, que fazem um trabalho conjunto em prol de mitigar os impactos das chuvas. O Governo de Sergipe tem atuado de maneira constante, monitorando o cen\u00e1rio em todos os munic\u00edpios e as respostas da gest\u00e3o para os alertas clim\u00e1ticos. Essa a\u00e7\u00e3o segue presente e de forma intensa&#8221;, afirma Iolanda.<\/p>\n\n\n\n<p>A Defesa Civil foi representada pelo superintendente estadual de Prote\u00e7\u00e3o e Defesa Civil (Supdec), tenente-coronel Luciano Queiroz, e pelo coordenador da Caravana da \u00c1gua, Alisson Soares, que tamb\u00e9m \u00e9 respons\u00e1vel pelo monitoramento das esta\u00e7\u00f5es meteorol\u00f3gicas do estado. De forma geral, o saldo analisado foi de poucas ocorr\u00eancias, sem nenhum grande transtorno nos 75 munic\u00edpios sergipanos.<\/p>\n\n\n\n<p>&nbsp;\u201cO objetivo dessa visita foi dar o progn\u00f3stico das chuvas em todo o estado. Fizemos um resumo do que aconteceu nos \u00faltimos dias, com a atua\u00e7\u00e3o da Defesa Civil em conjunto com os munic\u00edpios, para que pud\u00e9ssemos responder a a\u00e7\u00f5es de anormalidade que viessem a acontecer em rela\u00e7\u00e3o \u00e0s chuvas intensas em Sergipe. Demos o panorama \u00e0 governadora em exerc\u00edcio, para que ela pudesse ter acesso \u00e0s informa\u00e7\u00f5es e respostas dadas durante esses eventos chuvosos em todo o estado\u201d, pontua o tenente-coronel Luciano Queiroz.<\/p>\n\n\n\n<p>Alerta de chuvas<\/p>\n\n\n\n<p>O Governo de Sergipe, por meio da Ger\u00eancia de Meteorologia da Secretaria de Estado do Meio Ambiente, Sustentabilidade e A\u00e7\u00f5es Clim\u00e1ticas (Semac), emitiu, no \u00faltimo domingo, 4, um novo aviso meteorol\u00f3gico com probabilidade de chuvas moderadas a intensas e possibilidade de trovoadas e descargas el\u00e9tricas. De acordo com a an\u00e1lise, a instabilidade termodin\u00e2mica no estado pode se estender at\u00e9 a ter\u00e7a-feira, 6.&nbsp;<\/p>\n\n\n\n<p>Neste per\u00edodo, o acumulado de chuvas pode ultrapassar 50 mm ou 100 mm\/dia, e os ventos intensos podem variar de 40 a 80 km\/h, a depender da regi\u00e3o. Na \u00faltima quinta-feira, 1\u00ba, a Semac j\u00e1 havia informado \u00e0 popula\u00e7\u00e3o sergipana sobre a possibilidade de incid\u00eancia de fortes chuvas. A Defesa Civil Estadual tamb\u00e9m est\u00e1 com alerta emitido.<\/p>\n\n\n\n<p>O Governo do Estado segue monitorando as condi\u00e7\u00f5es, e refor\u00e7a que a ocorr\u00eancia de chuvas pode gerar acumulados expressivos. Tal cen\u00e1rio gera riscos em rodovias, alagamentos, deslizamentos de encostas, transbordamento de pequenos c\u00f3rregos e riachos, al\u00e9m dos principais rios e lagoas.<\/p>\n\n\n\n<p>\u201cNosso trabalho \u00e9 desenvolvido com diversas frentes da estrutura do Estado. N\u00e3o s\u00f3 aqui com a Infraestrutura, mas tamb\u00e9m Meio Ambiente, Sa\u00fade, Assist\u00eancia Social, entre outras. Cada um sabe seu papel, e isso tudo precisa ser feito com muita firmeza. Em termos de ocorr\u00eancias, tivemos poucas. Cada vez mais \u00e9 dif\u00edcil fazer previs\u00f5es, visto que, infelizmente, a crise clim\u00e1tica gera impactos significativos, e as mudan\u00e7as acontecem muito rapidamente. Fazemos um monitoramento constante, com grandes parcerias, para vistoriar isso constantemente\u201d, destaca o secret\u00e1rio da Sedurbi, Luiz Roberto Dantas.<\/p>\n\n\n\n<p>Foto: Arthur Soares<\/p>\n","protected":false},"excerpt":{"rendered":"<p>A governadora em exerc\u00edcio de Sergipe, Iolanda Guimar\u00e3es, recebeu, nesta segunda-feira, 5, uma equipe da Defesa Civil Estadual para analisar os impactos das chuvas nos \u00faltimos dias em Sergipe. Ao lado dos secret\u00e1rios de Estado do Desenvolvimento Urbano e Infraestrutura (Sedurbi), Luiz Roberto Dantas, e da Casa Civil (Secc), Jorginho Araujo, o \u00f3rg\u00e3o levou os [&hellip;]<\/p>\n","protected":false},"author":2,"featured_media":6263,"comment_status":"open","ping_status":"open","sticky":false,"template":"","format":"standard","meta":{"footnotes":""},"categories":[11,6,2],"tags":[],"class_list":["post-6262","post","type-post","status-publish","format-standard","has-post-thumbnail","hentry","category-destaque","category-letreiro","category-politica"],"_links":{"self":[{"href":"https:\/\/espacolivresergipe.com.br\/index.php\/wp-json\/wp\/v2\/posts\/6262","targetHints":{"allow":["GET"]}}],"collection":[{"href":"https:\/\/espacolivresergipe.com.br\/index.php\/wp-json\/wp\/v2\/posts"}],"about":[{"href":"https:\/\/espacolivresergipe.com.br\/index.php\/wp-json\/wp\/v2\/types\/post"}],"author":[{"embeddable":true,"href":"https:\/\/espacolivresergipe.com.br\/index.php\/wp-json\/wp\/v2\/users\/2"}],"replies":[{"embeddable":true,"href":"https:\/\/espacolivresergipe.com.br\/index.php\/wp-json\/wp\/v2\/comments?post=6262"}],"version-history":[{"count":1,"href":"https:\/\/espacolivresergipe.com.br\/index.php\/wp-json\/wp\/v2\/posts\/6262\/revisions"}],"predecessor-version":[{"id":6264,"href":"https:\/\/espacolivresergipe.com.br\/index.php\/wp-json\/wp\/v2\/posts\/6262\/revisions\/6264"}],"wp:featuredmedia":[{"embeddable":true,"href":"https:\/\/espacolivresergipe.com.br\/index.php\/wp-json\/wp\/v2\/media\/6263"}],"wp:attachment":[{"href":"https:\/\/espacolivresergipe.com.br\/index.php\/wp-json\/wp\/v2\/media?parent=6262"}],"wp:term":[{"taxonomy":"category","embeddable":true,"href":"https:\/\/espacolivresergipe.com.br\/index.php\/wp-json\/wp\/v2\/categories?post=6262"},{"taxonomy":"post_tag","embeddable":true,"href":"https:\/\/espacolivresergipe.com.br\/index.php\/wp-json\/wp\/v2\/tags?post=6262"}],"curies":[{"name":"wp","href":"https:\/\/api.w.org\/{rel}","templated":true}]}}