{"id":6274,"date":"2025-05-05T16:12:19","date_gmt":"2025-05-05T19:12:19","guid":{"rendered":"https:\/\/espacolivresergipe.com.br\/?p=6274"},"modified":"2025-05-05T16:14:00","modified_gmt":"2025-05-05T19:14:00","slug":"mpc-se-discute-convocacao-de-professores-aprovados-no-concurso-publico-de-frei-paulo","status":"publish","type":"post","link":"https:\/\/espacolivresergipe.com.br\/index.php\/2025\/05\/05\/mpc-se-discute-convocacao-de-professores-aprovados-no-concurso-publico-de-frei-paulo\/","title":{"rendered":"MPC-SE discute convoca\u00e7\u00e3o de professores aprovados no concurso p\u00fablico de Frei Paulo"},"content":{"rendered":"\n<p>\u200bO Minist\u00e9rio P\u00fablico de Contas de Sergipe (MPC-SE) solicitou nesta segunda-feira, dia 5, um planejamento formal para a convoca\u00e7\u00e3o dos professores aprovados no concurso p\u00fablico de Frei Paulo. Em audi\u00eancia realizada na sede do \u00f3rg\u00e3o, o procurador-geral do MPC-SE reuniu o prefeito Douglas Rafael Santos da Contas e representantes do Sindicato dos Trabalhadores em Educa\u00e7\u00e3o B\u00e1sica do Estado de Sergipe (Sintese) para discutir a situa\u00e7\u00e3o.<\/p>\n\n\n\n<p>A reuni\u00e3o foi motivada por den\u00fancias feitas pelo Sintese sobre irregularidades no quadro do magist\u00e9rio municipal, al\u00e9m da falta de resposta da prefeitura \u00e0s requisi\u00e7\u00f5es anteriores do Minist\u00e9rio P\u00fablico. O procurador-geral destacou a necessidade de adequa\u00e7\u00e3o \u00e0 Constitui\u00e7\u00e3o Federal, que determina a prioridade para servidores efetivos, limitando contrata\u00e7\u00f5es tempor\u00e1rias apenas para situa\u00e7\u00f5es excepcionais.<\/p>\n\n\n\n<p>Durante o encontro, o Sintese apontou que, embora o concurso j\u00e1 esteja homologado, o n\u00famero de vagas previstas no edital \u00e9 insuficiente diante da quantidade de contratos tempor\u00e1rios em vigor no munic\u00edpio.<\/p>\n\n\n\n<p>Logo depois dos apontamentos feitos pelo Sintese, o prefeito Douglas Rafael, que assumiu o cargo no in\u00edcio deste ano, alegou n\u00e3o ter tido tempo h\u00e1bil para realizar as nomea\u00e7\u00f5es, mas comprometeu-se a convocar os aprovados para iniciarem as atividades no pr\u00f3ximo semestre letivo.<\/p>\n\n\n\n<p>O MPC-SE estabeleceu o prazo de 16 de maio para que a prefeitura apresente um cronograma oficial de nomea\u00e7\u00e3o dos concursados, al\u00e9m de informa\u00e7\u00f5es sobre o n\u00famero de cargos vagos, professores em atividade e detalhes sobre os contratos tempor\u00e1rios em vigor.<\/p>\n\n\n\n<p>Texto e foto: Mayusane Matsunae<\/p>\n","protected":false},"excerpt":{"rendered":"<p>\u200bO Minist\u00e9rio P\u00fablico de Contas de Sergipe (MPC-SE) solicitou nesta segunda-feira, dia 5, um planejamento formal para a convoca\u00e7\u00e3o dos professores aprovados no concurso p\u00fablico de Frei Paulo. Em audi\u00eancia realizada na sede do \u00f3rg\u00e3o, o procurador-geral do MPC-SE reuniu o prefeito Douglas Rafael Santos da Contas e representantes do Sindicato dos Trabalhadores em Educa\u00e7\u00e3o [&hellip;]<\/p>\n","protected":false},"author":2,"featured_media":6275,"comment_status":"open","ping_status":"open","sticky":false,"template":"","format":"standard","meta":{"footnotes":""},"categories":[11,6,2],"tags":[],"class_list":["post-6274","post","type-post","status-publish","format-standard","has-post-thumbnail","hentry","category-destaque","category-letreiro","category-politica"],"_links":{"self":[{"href":"https:\/\/espacolivresergipe.com.br\/index.php\/wp-json\/wp\/v2\/posts\/6274","targetHints":{"allow":["GET"]}}],"collection":[{"href":"https:\/\/espacolivresergipe.com.br\/index.php\/wp-json\/wp\/v2\/posts"}],"about":[{"href":"https:\/\/espacolivresergipe.com.br\/index.php\/wp-json\/wp\/v2\/types\/post"}],"author":[{"embeddable":true,"href":"https:\/\/espacolivresergipe.com.br\/index.php\/wp-json\/wp\/v2\/users\/2"}],"replies":[{"embeddable":true,"href":"https:\/\/espacolivresergipe.com.br\/index.php\/wp-json\/wp\/v2\/comments?post=6274"}],"version-history":[{"count":2,"href":"https:\/\/espacolivresergipe.com.br\/index.php\/wp-json\/wp\/v2\/posts\/6274\/revisions"}],"predecessor-version":[{"id":6277,"href":"https:\/\/espacolivresergipe.com.br\/index.php\/wp-json\/wp\/v2\/posts\/6274\/revisions\/6277"}],"wp:featuredmedia":[{"embeddable":true,"href":"https:\/\/espacolivresergipe.com.br\/index.php\/wp-json\/wp\/v2\/media\/6275"}],"wp:attachment":[{"href":"https:\/\/espacolivresergipe.com.br\/index.php\/wp-json\/wp\/v2\/media?parent=6274"}],"wp:term":[{"taxonomy":"category","embeddable":true,"href":"https:\/\/espacolivresergipe.com.br\/index.php\/wp-json\/wp\/v2\/categories?post=6274"},{"taxonomy":"post_tag","embeddable":true,"href":"https:\/\/espacolivresergipe.com.br\/index.php\/wp-json\/wp\/v2\/tags?post=6274"}],"curies":[{"name":"wp","href":"https:\/\/api.w.org\/{rel}","templated":true}]}}