{"id":6288,"date":"2025-05-06T04:49:56","date_gmt":"2025-05-06T07:49:56","guid":{"rendered":"https:\/\/espacolivresergipe.com.br\/?p=6288"},"modified":"2025-05-06T04:49:57","modified_gmt":"2025-05-06T07:49:57","slug":"dois-estudantes-sao-esfaqueados-na-porta-de-escola-em-aracaju-por-questoes-envolvendo-torcidas-organizadas","status":"publish","type":"post","link":"https:\/\/espacolivresergipe.com.br\/index.php\/2025\/05\/06\/dois-estudantes-sao-esfaqueados-na-porta-de-escola-em-aracaju-por-questoes-envolvendo-torcidas-organizadas\/","title":{"rendered":"Dois estudantes s\u00e3o esfaqueados na porta de escola em Aracaju por quest\u00f5es envolvendo torcidas organizadas"},"content":{"rendered":"\n<p>Dois estudantes foram esfaqueados nesta segunda-feira (05) em Aracaju, na porta da Escola Estadual Rodrigues D\u00f3rea, localizada no Bairro Siqueira Campos, ap\u00f3s uma briga por quest\u00f5es envolvendo torcidas organizadas.<\/p>\n\n\n\n<p>As informa\u00e7\u00f5es s\u00e3o de que o Servi\u00e7o de Atendimento M\u00f3vel de Urg\u00eancia (Samu) foi acionadado e prestou os primeiros socorros \u00e0s v\u00edtimas.<\/p>\n\n\n\n<p>Em nota, a Secretaria de Estado da Sa\u00fade (SES) informou que um dos estudantes foi socorrido, levado ao Huse est\u00e1 na Ala Vermelha, com ferimento no t\u00f3rax, entubado e sedado, enquanto o outro foi encaminhado ao Hospital Nestor Piva.<\/p>\n\n\n\n<p>A Secretaria de Estado da Educa\u00e7\u00e3o (Seed) divulgou uma nota repudiando o ato de viol\u00eancia e afirmou que seguiu o Protocolo Estadual de Viol\u00eancia Praticada e Percebida na Escola e acionou os \u00f3rg\u00e3os de seguran\u00e7a e sa\u00fade.<\/p>\n\n\n\n<p>J\u00e1 a &nbsp;Pol\u00edcia Militar informou no in\u00edcio da noite, que o suspeito do crime foi detido e levado para uma delegacia.<\/p>\n","protected":false},"excerpt":{"rendered":"<p>Dois estudantes foram esfaqueados nesta segunda-feira (05) em Aracaju, na porta da Escola Estadual Rodrigues D\u00f3rea, localizada no Bairro Siqueira Campos, ap\u00f3s uma briga por quest\u00f5es envolvendo torcidas organizadas. As informa\u00e7\u00f5es s\u00e3o de que o Servi\u00e7o de Atendimento M\u00f3vel de Urg\u00eancia (Samu) foi acionadado e prestou os primeiros socorros \u00e0s v\u00edtimas. Em nota, a Secretaria [&hellip;]<\/p>\n","protected":false},"author":2,"featured_media":6289,"comment_status":"open","ping_status":"open","sticky":false,"template":"","format":"standard","meta":{"footnotes":""},"categories":[11,6,3],"tags":[],"class_list":["post-6288","post","type-post","status-publish","format-standard","has-post-thumbnail","hentry","category-destaque","category-letreiro","category-policia"],"_links":{"self":[{"href":"https:\/\/espacolivresergipe.com.br\/index.php\/wp-json\/wp\/v2\/posts\/6288","targetHints":{"allow":["GET"]}}],"collection":[{"href":"https:\/\/espacolivresergipe.com.br\/index.php\/wp-json\/wp\/v2\/posts"}],"about":[{"href":"https:\/\/espacolivresergipe.com.br\/index.php\/wp-json\/wp\/v2\/types\/post"}],"author":[{"embeddable":true,"href":"https:\/\/espacolivresergipe.com.br\/index.php\/wp-json\/wp\/v2\/users\/2"}],"replies":[{"embeddable":true,"href":"https:\/\/espacolivresergipe.com.br\/index.php\/wp-json\/wp\/v2\/comments?post=6288"}],"version-history":[{"count":1,"href":"https:\/\/espacolivresergipe.com.br\/index.php\/wp-json\/wp\/v2\/posts\/6288\/revisions"}],"predecessor-version":[{"id":6290,"href":"https:\/\/espacolivresergipe.com.br\/index.php\/wp-json\/wp\/v2\/posts\/6288\/revisions\/6290"}],"wp:featuredmedia":[{"embeddable":true,"href":"https:\/\/espacolivresergipe.com.br\/index.php\/wp-json\/wp\/v2\/media\/6289"}],"wp:attachment":[{"href":"https:\/\/espacolivresergipe.com.br\/index.php\/wp-json\/wp\/v2\/media?parent=6288"}],"wp:term":[{"taxonomy":"category","embeddable":true,"href":"https:\/\/espacolivresergipe.com.br\/index.php\/wp-json\/wp\/v2\/categories?post=6288"},{"taxonomy":"post_tag","embeddable":true,"href":"https:\/\/espacolivresergipe.com.br\/index.php\/wp-json\/wp\/v2\/tags?post=6288"}],"curies":[{"name":"wp","href":"https:\/\/api.w.org\/{rel}","templated":true}]}}