{"id":6294,"date":"2025-05-06T05:12:47","date_gmt":"2025-05-06T08:12:47","guid":{"rendered":"https:\/\/espacolivresergipe.com.br\/?p=6294"},"modified":"2025-05-06T05:12:48","modified_gmt":"2025-05-06T08:12:48","slug":"fabio-mitidieri-participa-da-abertura-do-pavilhao-brasil-em-feira-nos-eua-e-discute-avancos-no-projeto-seap-com-petrobras","status":"publish","type":"post","link":"https:\/\/espacolivresergipe.com.br\/index.php\/2025\/05\/06\/fabio-mitidieri-participa-da-abertura-do-pavilhao-brasil-em-feira-nos-eua-e-discute-avancos-no-projeto-seap-com-petrobras\/","title":{"rendered":"F\u00e1bio Mitidieri participa da abertura do Pavilh\u00e3o Brasil em feira nos EUA e discute avan\u00e7os no projeto SEAP com Petrobras"},"content":{"rendered":"\n<p>A comitiva de Sergipe, comandada pelo governador F\u00e1bio Mitidieri, esteve presente nesta segunda-feira, 5, no in\u00edcio das atividades da Offshore Technology Conference (OTC) 2025, maior feira para o mercado internacional de \u00d3leo e G\u00e1s, realizada em Houston, nos Estados Unidos. Na oportunidade, a equipe participou da abertura do Pavilh\u00e3o Brasil, em reuni\u00f5es com a Petrobras e o Instituto Brasileiro de Petr\u00f3leo e G\u00e1s (IBP).<\/p>\n\n\n\n<p>As reuni\u00f5es debateram pautas importantes para Sergipe. Na principal delas, com a Petrobras, foram discutidos o andamento da licita\u00e7\u00e3o das plataformas FPSO no projeto Sergipe \u00c1guas Profundas (SEAP), o processo de descomissionamento de plataformas de \u00e1guas rasas, o estudo sobre retomada de produ\u00e7\u00e3o do Polo Sergipe \u00c1guas Rasas atrav\u00e9s de operador privado, a opera\u00e7\u00e3o do Terminal Mar\u00edtimo In\u00e1cio Barbosa, e a parceria para desenvolver programas de qualifica\u00e7\u00e3o de m\u00e3o de obra no setor de \u00d3leo e G\u00e1s. O encontro se deu com a presen\u00e7a da presidente da Petrobras, Magda Chambriard.<\/p>\n\n\n\n<p>F\u00e1bio Mitidieri exaltou a import\u00e2ncia da reuni\u00e3o e o destaque positivo do estado nas mesas de debate. \u201cEstamos aqui em Houston, e mais uma vez Sergipe tem lugar de destaque. Tivemos uma reuni\u00e3o com a presidente Magda Chambriard, da Petrobras, falando sobre Sergipe, o projeto SEAP com o in\u00edcio da explora\u00e7\u00e3o do g\u00e1s, e os projetos que n\u00f3s temos, inclusive sobre a Fafen. Foi uma reuni\u00e3o produtiva, com boas novas para o estado. Sergipe \u00e9 mais uma vez um dos principais assuntos aqui na OTC, pelo potencial de explora\u00e7\u00e3o do g\u00e1s com 18 milh\u00f5es de metros c\u00fabicos ao dia&#8221;, pontuou o governador.<\/p>\n\n\n\n<p>Tamb\u00e9m foi pauta a licita\u00e7\u00e3o dos dois navios a serem utilizados no SEAP, que deve se iniciar em agosto. \u201cA licita\u00e7\u00e3o dos navios ser\u00e1 no in\u00edcio de agosto, e j\u00e1 temos v\u00e1rias empresas que confirmaram participa\u00e7\u00e3o. Estamos com uma expectativa positiva de que logo possa chegar esse novo tempo de desenvolvimento econ\u00f4mico para Sergipe, atrav\u00e9s da explora\u00e7\u00e3o do g\u00e1s. Toda a comitiva aqui nos acompanha para que esse momento hist\u00f3rico possa acontecer\u201d, acrescentou F\u00e1bio.<\/p>\n\n\n\n<p>A diretora executiva de Engenharia, Tecnologia e Inova\u00e7\u00e3o da Petrobras, Renata Baruzzi, refor\u00e7ou a uni\u00e3o entre todas as partes nesse processo. \u201cN\u00e3o conseguimos fazer nada sem a ajuda de todos os nossos parceiros, incluindo os Governos Estaduais, Federal e as institui\u00e7\u00f5es. Precisamos muito dessa cadeia fortalecida, e entendemos que a uni\u00e3o faz com que todos possamos buscar um futuro melhor\u201d, relatou.<\/p>\n\n\n\n<p>Neste sentido, F\u00e1bio exaltou a parceria com a Petrobras em prol dos benef\u00edcios a Sergipe. \u201cEm todos os momentos da hist\u00f3ria do nosso estado, a Petrobras esteve presente. O povo de Sergipe aguarda ansioso pela licita\u00e7\u00e3o dos navios, que ir\u00e3o transformar a economia do nosso estado. \u00c9 o segundo ciclo econ\u00f4mico virtuoso do estado de Sergipe com a explora\u00e7\u00e3o do g\u00e1s, trazendo grande capacidade para n\u00f3s&#8221;.<\/p>\n\n\n\n<p>Demais reuni\u00f5es<\/p>\n\n\n\n<p>Outras agendas importantes aconteceram no primeiro dia de evento em Houston. Com a Ag\u00eancia Nacional do Petr\u00f3leo, G\u00e1s Natural e Biocombust\u00edveis (ANP), foram tratadas a tarifa de Transporte de Curta Dist\u00e2ncia para estados produtores de g\u00e1s natural, e o novo Plano de Desenvolvimento do Projeto SEAP apresentado pela Petrobras.<\/p>\n\n\n\n<p>Al\u00e9m disso, ANP e Empresa de Pesquisa Energ\u00e9tica (EPE) debatem as condi\u00e7\u00f5es para a implanta\u00e7\u00e3o de um data center de grande porte e um centro de pesquisas e forma\u00e7\u00e3o de profissionais em Sergipe. Por fim, com o Instituto Brasileiro de Petr\u00f3leo e G\u00e1s (IBP), foi debatida a capacita\u00e7\u00e3o no setor de petr\u00f3leo e g\u00e1s, ligadas \u00e0 explora\u00e7\u00e3o de campos terrestres e da Petrobras no SEAP.<\/p>\n\n\n\n<p>No discurso de abertura do Pavilh\u00e3o Brasil, o diretor de Gest\u00e3o Corporativa da Ag\u00eancia Brasileira de Promo\u00e7\u00e3o da Exporta\u00e7\u00e3o e Atra\u00e7\u00e3o de Investimentos do Brasil (ApexBrasil), Floriano Pesaro, citou a import\u00e2ncia de Sergipe no processo de explora\u00e7\u00e3o costeira. Ele ressaltou que Sergipe tem grande potencial nesta \u00e1rea, com a Bacia Sergipe-Alagoas sendo uma nova fronteira de produ\u00e7\u00e3o. A Petrobras planeja explorar petr\u00f3leo em \u00e1guas profundas na costa sergipana no projeto Sergipe \u00c1guas Profundas, em uma nova fronteira de petr\u00f3leo e g\u00e1s natural para o pa\u00eds em campos descobertos na costa sergipana.<\/p>\n\n\n\n<p>F\u00e1bio Mitidieri complementou destacando a aten\u00e7\u00e3o do Governo de Sergipe para o tema, com a possibilidade de gerar avan\u00e7os muito importantes ao estado. Segundo o chefe do Executivo estadual, a partir do aumento da capacidade de explora\u00e7\u00e3o do petr\u00f3leo e g\u00e1s, diversos setores da economia e da sociedade como um todo ser\u00e3o beneficiados.<\/p>\n\n\n\n<p>\u201cNossa preocupa\u00e7\u00e3o \u00e9 que o povo aproveite as melhores oportunidades, e que o emprego e a renda gerados fiquem com a popula\u00e7\u00e3o sergipana. J\u00e1 criamos um fundo de desenvolvimento que obriga os recursos destes royalties gerados a serem usados na expans\u00e3o de outros segmentos da economia. O g\u00e1s \u00e9 um bem finito, e a roda da economia n\u00e3o pode parar. Vamos tirar proveito disso em prol do povo sergipano\u201d, ressaltou o gestor.<\/p>\n\n\n\n<p>Sobre o evento<\/p>\n\n\n\n<p>A Offshore Technology Conference \u00e9 reconhecida internacionalmente como o maior evento mundial do setor de petr\u00f3leo e g\u00e1s, e serve como um ponto de encontro para profissionais da \u00e1rea de energia, promovendo a troca de ideias e o avan\u00e7o do conhecimento t\u00e9cnico e cient\u00edfico sobre recursos offshore. Realizada anualmente em maio, a confer\u00eancia oferece acesso a informa\u00e7\u00f5es t\u00e9cnicas de ponta, exp\u00f5e equipamentos inovadores do setor, e proporciona a cria\u00e7\u00e3o de novos contatos profissionais valiosos de todo o mundo.<\/p>\n\n\n\n<p>O governador F\u00e1bio Mitidieri participa dos eventos juntamente com a comitiva formada pelos secret\u00e1rios de Estado do Desenvolvimento Econ\u00f4mico e da Ci\u00eancia e Tecnologia (Sedetec), Valmor Barbosa; da Comunica\u00e7\u00e3o Social (Secom), Cleon Menezes; e da Assist\u00eancia Social, Inclus\u00e3o e Cidadania (Seasic), \u00c9rica Mitidieri.<\/p>\n\n\n\n<p>Tamb\u00e9m est\u00e3o presentes o secret\u00e1rio-executivo da Sedetec, Marcelo Menezes; o presidente da Assembleia Legislativa de Sergipe (Alese), deputado estadual Jeferson Andrade; e os diretores-presidentes da Ag\u00eancia Desenvolve-SE, Milton Andrade; da Companhia de Desenvolvimento Econ\u00f4mico de Sergipe (Codise), Ronaldo Guimar\u00e3es; da Ag\u00eancia Reguladora de Servi\u00e7os P\u00fablicos do Estado de Sergipe (Agrese), Hamilton Oliveira; e da Carmo Energy, Rodrigo Moretto.<\/p>\n\n\n\n<p>Foto: Secom<\/p>\n","protected":false},"excerpt":{"rendered":"<p>A comitiva de Sergipe, comandada pelo governador F\u00e1bio Mitidieri, esteve presente nesta segunda-feira, 5, no in\u00edcio das atividades da Offshore Technology Conference (OTC) 2025, maior feira para o mercado internacional de \u00d3leo e G\u00e1s, realizada em Houston, nos Estados Unidos. Na oportunidade, a equipe participou da abertura do Pavilh\u00e3o Brasil, em reuni\u00f5es com a Petrobras [&hellip;]<\/p>\n","protected":false},"author":2,"featured_media":6295,"comment_status":"open","ping_status":"open","sticky":false,"template":"","format":"standard","meta":{"footnotes":""},"categories":[11,6,2],"tags":[],"class_list":["post-6294","post","type-post","status-publish","format-standard","has-post-thumbnail","hentry","category-destaque","category-letreiro","category-politica"],"_links":{"self":[{"href":"https:\/\/espacolivresergipe.com.br\/index.php\/wp-json\/wp\/v2\/posts\/6294","targetHints":{"allow":["GET"]}}],"collection":[{"href":"https:\/\/espacolivresergipe.com.br\/index.php\/wp-json\/wp\/v2\/posts"}],"about":[{"href":"https:\/\/espacolivresergipe.com.br\/index.php\/wp-json\/wp\/v2\/types\/post"}],"author":[{"embeddable":true,"href":"https:\/\/espacolivresergipe.com.br\/index.php\/wp-json\/wp\/v2\/users\/2"}],"replies":[{"embeddable":true,"href":"https:\/\/espacolivresergipe.com.br\/index.php\/wp-json\/wp\/v2\/comments?post=6294"}],"version-history":[{"count":1,"href":"https:\/\/espacolivresergipe.com.br\/index.php\/wp-json\/wp\/v2\/posts\/6294\/revisions"}],"predecessor-version":[{"id":6296,"href":"https:\/\/espacolivresergipe.com.br\/index.php\/wp-json\/wp\/v2\/posts\/6294\/revisions\/6296"}],"wp:featuredmedia":[{"embeddable":true,"href":"https:\/\/espacolivresergipe.com.br\/index.php\/wp-json\/wp\/v2\/media\/6295"}],"wp:attachment":[{"href":"https:\/\/espacolivresergipe.com.br\/index.php\/wp-json\/wp\/v2\/media?parent=6294"}],"wp:term":[{"taxonomy":"category","embeddable":true,"href":"https:\/\/espacolivresergipe.com.br\/index.php\/wp-json\/wp\/v2\/categories?post=6294"},{"taxonomy":"post_tag","embeddable":true,"href":"https:\/\/espacolivresergipe.com.br\/index.php\/wp-json\/wp\/v2\/tags?post=6294"}],"curies":[{"name":"wp","href":"https:\/\/api.w.org\/{rel}","templated":true}]}}