{"id":6303,"date":"2025-05-06T05:40:03","date_gmt":"2025-05-06T08:40:03","guid":{"rendered":"https:\/\/espacolivresergipe.com.br\/?p=6303"},"modified":"2025-05-06T05:40:04","modified_gmt":"2025-05-06T08:40:04","slug":"prefeitura-de-aracaju-e-coordenadoria-da-mulher-do-tjse-ampliam-parceria-em-defesa-das-mulheres","status":"publish","type":"post","link":"https:\/\/espacolivresergipe.com.br\/index.php\/2025\/05\/06\/prefeitura-de-aracaju-e-coordenadoria-da-mulher-do-tjse-ampliam-parceria-em-defesa-das-mulheres\/","title":{"rendered":"Prefeitura de Aracaju e Coordenadoria da Mulher do TJSE ampliam parceria em defesa das mulheres"},"content":{"rendered":"\n<p>Com o objetivo de fortalecer as pol\u00edticas p\u00fablicas voltadas \u00e0s mulheres e ampliar parcerias institucionais, a prefeita de Aracaju, Em\u00edlia Corr\u00eaa, se reuniu nesta segunda-feira, 5, com a ju\u00edza Juliana Nogueira, que coordena a Coordenadoria da Mulher do Tribunal de Justi\u00e7a de Sergipe (TJSE). Durante o encontro, foram discutidas a realiza\u00e7\u00e3o de a\u00e7\u00f5es conjuntas, entre elas a a capacita\u00e7\u00e3o voltada para a dissemina\u00e7\u00e3o de grupos reflexivos visando \u00e0 preven\u00e7\u00e3o da viol\u00eancia dom\u00e9stica e familiar, al\u00e9m de estrat\u00e9gias para expandir o trabalho de acompanhamento da Patrulha Maria da Penha, conduzido pela Guarda Municipal de Aracaju (GMA).<\/p>\n\n\n\n<p>Participaram da reuni\u00e3o a coordenadora-geral do Procon Aracaju, Elaine Oliveira, que ser\u00e1 a titular da Secretaria Municipal do Respeito \u00e0s Pol\u00edticas para as Mulheres (Sermulher); a coordenadora do Centro de Refer\u00eancia de Atendimento \u00e0 Mulher em Situa\u00e7\u00e3o de Viol\u00eancia (Cram), Luciana Ribeiro, e a psic\u00f3loga da Coordenadoria da Mulher do TJSE, Sabrina Duarte.<\/p>\n\n\n\n<p>A prefeita destacou a import\u00e2ncia do trabalho conjunto entre as institui\u00e7\u00f5es como caminho essencial para garantir mais prote\u00e7\u00e3o e apoio \u00e0s mulheres. \u201cTivemos, recentemente, a aprova\u00e7\u00e3o da Secretaria Municipal das Mulheres, um projeto do Executivo, previsto no nosso programa de governo. E hoje, a gente j\u00e1 come\u00e7a a movimentar, logicamente, a efetividade n\u00e3o s\u00f3 da secretaria, mas das pol\u00edticas p\u00fablicas. \u00c9 isso que n\u00f3s queremos e vamos trabalhar com essas mulheres que est\u00e3o aqui. Todas t\u00eam interesse em diminuir a viol\u00eancia, que infelizmente \u00e9 uma realidade&#8221;, disse Em\u00edlia Corr\u00eaa. &#8220;Vamos romper o ciclo de viol\u00eancia contra as mulheres\u201d.<\/p>\n\n\n\n<p>De acordo com a ju\u00edza coordenadora Juliana Nogueira, o objetivo \u00e9 tornar os grupos reflexivos uma pol\u00edtica p\u00fablica em Aracaju. Ela informou que o TJ j\u00e1 vem realizando a qualifica\u00e7\u00e3o de pessoas para que comecem a realizar grupos reflexivos em todo o estado. \u201cAs pol\u00edticas p\u00fablicas n\u00e3o s\u00e3o formadas apenas por um \u00f3rg\u00e3o, por um ente. A gente est\u00e1 junto com o Minist\u00e9rio P\u00fablico nessa pol\u00edtica, com o Executivo, com o Judici\u00e1rio, e mais do que isso, at\u00e9 com o Legislativo, quando vai formular essa lei, para que a gente consiga realmente formar grupos reflexivos no estado de Sergipe\u201d, disse.<\/p>\n\n\n\n<p>A futura secret\u00e1ria da Sermulher, Elaine Oliveira, avaliou o encontro como positivo. \u201cEstamos startando verdadeiras pol\u00edticas p\u00fablicas para as mulheres aracajuanas, e nada mais justo do que vir aqui, juntamente com a prefeita Em\u00edlia, para iniciarmos esse momento que vai mudar a realidade aqui de n\u00f3s, mulheres de Aracaju, e para os homens tamb\u00e9m, porque vamos trabalhar toda a fam\u00edlia\u201d, disse, refor\u00e7ando que buscar\u00e1 mais parcerias institucionais. \u201cN\u00f3s vamos trabalhar com todas as secretarias. Esse \u00e9 o intuito: unificar as for\u00e7as\u201d, frisou.<\/p>\n\n\n\n<p>Patrulha Maria da Penha<\/p>\n\n\n\n<p>Outro tema abordado no encontro foi a possibilidade de ampliar o acompanhamento prestado pela Patrulha Maria da Penha \u00e0s mulheres em situa\u00e7\u00e3o de viol\u00eancia. A proposta foi apresentada pela ju\u00edza Juliana Nogueira, que destacou a import\u00e2ncia do trabalho realizado pela GMA. \u201c\u00c9 um servi\u00e7o que realmente faz a diferen\u00e7a, mas ainda precisa alcan\u00e7ar mais mulheres. E isso s\u00f3 ser\u00e1 poss\u00edvel com o refor\u00e7o no efetivo\u201d, afirmou.<\/p>\n\n\n\n<p>Atualmente, a patrulha atende cerca de 50 mulheres, mas h\u00e1 previs\u00e3o de ampliar esse n\u00famero para 100. A prefeita Em\u00edlia Corr\u00eaa afirmou que a gest\u00e3o est\u00e1 comprometida com essa expans\u00e3o. \u201cRecebemos esse pedido com aten\u00e7\u00e3o e vamos trabalhar para viabiliz\u00e1-lo. A realiza\u00e7\u00e3o de um novo concurso para a Guarda Municipal est\u00e1 entre os compromissos do nosso plano de governo e ser\u00e1 cumprido\u201d, garantiu.<\/p>\n\n\n\n<p>Foto: Karla Tavares\/Secom PMA<\/p>\n","protected":false},"excerpt":{"rendered":"<p>Com o objetivo de fortalecer as pol\u00edticas p\u00fablicas voltadas \u00e0s mulheres e ampliar parcerias institucionais, a prefeita de Aracaju, Em\u00edlia Corr\u00eaa, se reuniu nesta segunda-feira, 5, com a ju\u00edza Juliana Nogueira, que coordena a Coordenadoria da Mulher do Tribunal de Justi\u00e7a de Sergipe (TJSE). Durante o encontro, foram discutidas a realiza\u00e7\u00e3o de a\u00e7\u00f5es conjuntas, entre [&hellip;]<\/p>\n","protected":false},"author":2,"featured_media":6304,"comment_status":"open","ping_status":"open","sticky":false,"template":"","format":"standard","meta":{"footnotes":""},"categories":[11,6,2],"tags":[],"class_list":["post-6303","post","type-post","status-publish","format-standard","has-post-thumbnail","hentry","category-destaque","category-letreiro","category-politica"],"_links":{"self":[{"href":"https:\/\/espacolivresergipe.com.br\/index.php\/wp-json\/wp\/v2\/posts\/6303","targetHints":{"allow":["GET"]}}],"collection":[{"href":"https:\/\/espacolivresergipe.com.br\/index.php\/wp-json\/wp\/v2\/posts"}],"about":[{"href":"https:\/\/espacolivresergipe.com.br\/index.php\/wp-json\/wp\/v2\/types\/post"}],"author":[{"embeddable":true,"href":"https:\/\/espacolivresergipe.com.br\/index.php\/wp-json\/wp\/v2\/users\/2"}],"replies":[{"embeddable":true,"href":"https:\/\/espacolivresergipe.com.br\/index.php\/wp-json\/wp\/v2\/comments?post=6303"}],"version-history":[{"count":1,"href":"https:\/\/espacolivresergipe.com.br\/index.php\/wp-json\/wp\/v2\/posts\/6303\/revisions"}],"predecessor-version":[{"id":6305,"href":"https:\/\/espacolivresergipe.com.br\/index.php\/wp-json\/wp\/v2\/posts\/6303\/revisions\/6305"}],"wp:featuredmedia":[{"embeddable":true,"href":"https:\/\/espacolivresergipe.com.br\/index.php\/wp-json\/wp\/v2\/media\/6304"}],"wp:attachment":[{"href":"https:\/\/espacolivresergipe.com.br\/index.php\/wp-json\/wp\/v2\/media?parent=6303"}],"wp:term":[{"taxonomy":"category","embeddable":true,"href":"https:\/\/espacolivresergipe.com.br\/index.php\/wp-json\/wp\/v2\/categories?post=6303"},{"taxonomy":"post_tag","embeddable":true,"href":"https:\/\/espacolivresergipe.com.br\/index.php\/wp-json\/wp\/v2\/tags?post=6303"}],"curies":[{"name":"wp","href":"https:\/\/api.w.org\/{rel}","templated":true}]}}