{"id":6306,"date":"2025-05-06T05:58:49","date_gmt":"2025-05-06T08:58:49","guid":{"rendered":"https:\/\/espacolivresergipe.com.br\/?p=6306"},"modified":"2025-05-06T05:58:49","modified_gmt":"2025-05-06T08:58:49","slug":"governo-abre-festejos-juninos-com-segundona-do-turista-na-rua-sao-joao","status":"publish","type":"post","link":"https:\/\/espacolivresergipe.com.br\/index.php\/2025\/05\/06\/governo-abre-festejos-juninos-com-segundona-do-turista-na-rua-sao-joao\/","title":{"rendered":"Governo abre festejos juninos com \u2018Segundona do Turista\u2019 na Rua S\u00e3o Jo\u00e3o"},"content":{"rendered":"\n<p>O Governo de Sergipe, por meio da Funda\u00e7\u00e3o de Cultura e Arte Aperip\u00ea (Funcap), abriu a nova edi\u00e7\u00e3o da \u2018Segundona do Turista\u2019 na Rua S\u00e3o Jo\u00e3o, nesta segunda-feira, 5. Em sua terceira edi\u00e7\u00e3o, a \u2018Segundona\u2019 prop\u00f5e resgatar a tradi\u00e7\u00e3o do local, com seus 114 anos de hist\u00f3ria, e inicia os preparativos para a programa\u00e7\u00e3o dos festejos juninos no estado, com shows musicais e apresenta\u00e7\u00f5es de quadrilhas e grupos folcl\u00f3ricos. A governadora em exerc\u00edcio do Estado, Iolanda Guimar\u00e3es, participou do evento.<\/p>\n\n\n\n<p>&#8220;Sinto muito orgulho em abrir os festejos da Rua S\u00e3o Jo\u00e3o, em seus 114 anos de tradi\u00e7\u00e3o. O Governo de Sergipe, com essa iniciativa, fortalece a nossa cultura e as nossas tradi\u00e7\u00f5es, al\u00e9m de aquecer o com\u00e9rcio. Aqui, vivemos S\u00e3o Jo\u00e3o, \u00e9 o &#8216;Pa\u00eds do Forr\u00f3&#8217;, com um povo alegre. Os festejos tamb\u00e9m fomentam a economia, trazendo muitos turistas. A gest\u00e3o incentiva os festejos juninos, e n\u00f3s estamos aqui, hoje, para declarar aberto o forr\u00f3&#8221;, afirma Iolanda.<\/p>\n\n\n\n<p>Um dos eventos mais aguardados do calend\u00e1rio cultural sergipano, a \u2018Segundona do Turista\u2019 ser\u00e1 realizada quinzenalmente nesta edi\u00e7\u00e3o, com exce\u00e7\u00e3o do m\u00eas de junho, quando ser\u00e1 semanal. Ela re\u00fane fam\u00edlias, amigos e turistas em torno das tradi\u00e7\u00f5es juninas, e engrandece ainda mais o j\u00e1 vasto calend\u00e1rio de eventos juninos em Sergipe. A \u2018Segundona\u2019 acontece na tradicional Rua S\u00e3o Jo\u00e3o, recuperada pela gest\u00e3o estadual em 2023, e que se destaca como um importante ponto de encontro, valorizando a cultura local e o turismo, fortalecendo a economia, e impulsionando a atividade de ambulantes, artes\u00e3os e empreendedores.<\/p>\n\n\n\n<p>O presidente da Funcap, Gustavo Paix\u00e3o, refor\u00e7ou a import\u00e2ncia dos festejos e os investimentos feitos pelo Governo do Estado. &#8220;A gente considera esse momento como o pontap\u00e9 inicial dos nossos festejos juninos no &#8216;Pa\u00eds do Forr\u00f3&#8217;. A Rua S\u00e3o Jo\u00e3o \u00e9 o ber\u00e7o da cultura do forr\u00f3 em Sergipe, com 114 anos de muita tradi\u00e7\u00e3o. S\u00e3o duas bandas e uma quadrilha por noite, dando ainda mais oportunidades a quem faz o forr\u00f3\u201d, ressalta.<\/p>\n\n\n\n<p>Na primeira noite, apresentaram-se os artistas Mimi do Acordeon e Erivaldo de Carira, al\u00e9m da Quadrilha Junina S\u00e9culo XX.<\/p>\n\n\n\n<p>O quadrilheiro Thiago Boaventura, da S\u00e9culo XX, tem 14 anos na \u00e1rea, e exaltou a chegada de mais um ano de festejos. \u201cA \u2018Segundona do Turista\u2019 representa demais. Gera empregos, traz muita gente e alimenta o forr\u00f3. Temos que ser bairristas, valorizar a nossa terra, e esse espa\u00e7o aqui \u00e9 para todos. Esse lugar \u00e9 a tradi\u00e7\u00e3o dos festejos juninos\u201d, enfatiza.<\/p>\n\n\n\n<p>J\u00e1 o cantor Mimi do Acordeon, respons\u00e1vel por abrir os trabalhos na Rua S\u00e3o Jo\u00e3o em 2025, ressaltou a valoriza\u00e7\u00e3o aos artistas locais. \u201cSou um artista da terra, e abrir os festejos aqui \u00e9 uma honra enorme. O Governo do Estado est\u00e1 de parab\u00e9ns, valorizando os nossos artistas, a cultura sergipana\u201d, considera.<\/p>\n\n\n\n<p>Edital<\/p>\n\n\n\n<p>Na ocasi\u00e3o, tamb\u00e9m foi divulgado o edital publicado nesta segunda-feira, para sele\u00e7\u00e3o de atra\u00e7\u00f5es art\u00edsticas que ir\u00e3o compor a programa\u00e7\u00e3o da Segundona do Turista durante o ano. Podem participar trios p\u00e9 de serra, quadrilhas juninas e grupos folcl\u00f3ricos e parafolcl\u00f3ricos do ciclo junino, residentes ou sediados em Sergipe. Cada proponente poder\u00e1 inscrever at\u00e9 duas propostas, em categorias diferentes. A inscri\u00e7\u00e3o pode ser feita pela plataforma Mapa Cultural de Sergipe, ou presencialmente na sede da Funcap, at\u00e9 o dia 25 de maio.<\/p>\n\n\n\n<p>A sele\u00e7\u00e3o contempla 44 trios p\u00e9 de serra e 22 quadrilhas ou grupos de cultura popular, que receber\u00e3o cach\u00eas de R$ 4 mil e R$ 4,5 mil, respectivamente, al\u00e9m de uma ajuda de custo de R$ 500 por apresenta\u00e7\u00e3o. O investimento total do Governo do Estado para a realiza\u00e7\u00e3o da Segundona do Turista \u00e9 de R$ 308 mil. Todas as atra\u00e7\u00f5es selecionadas ser\u00e3o convocadas para apresenta\u00e7\u00f5es na Rua de S\u00e3o Jo\u00e3o, sendo garantida a participa\u00e7\u00e3o de cada grupo ao menos uma vez ao longo das 22 edi\u00e7\u00f5es previstas para o ano.<\/p>\n\n\n\n<p>\u201cNunca houve tanto apoio quanto nesse governo, principalmente aos artistas locais e \u00e0s quadrilhas juninas. Estamos falando de um investimento total de R$ 2 milh\u00f5es, al\u00e9m da movimenta\u00e7\u00e3o econ\u00f4mica e do turismo que s\u00e3o gerados. \u00c9 isso que o governo prega&#8221;, acrescenta Gustavo Paix\u00e3o.<\/p>\n\n\n\n<p>Demais festejos<\/p>\n\n\n\n<p>Durante o evento, o Governo de Sergipe tamb\u00e9m destacou a programa\u00e7\u00e3o de outros eventos juninos. Al\u00e9m do Arrai\u00e1 do Povo e da Vila do Forr\u00f3, foram confirmadas as datas da Salva Junina, em 29 de maio; o Arrastap\u00e9 do 18 do Forte, em 13 e 14 de junho; os concursos de Quadrilhas Arranca Unha, nos dias 16 a 22 de junho; e do Gonzag\u00e3o, de 23 a 29 de junho. Somado a esses, a temporada de forr\u00f3 do Gonzag\u00e3o acontecer\u00e1 nos quatro fins de semana do m\u00eas de julho.<\/p>\n\n\n\n<p>Foto: Arthur Soares<\/p>\n","protected":false},"excerpt":{"rendered":"<p>O Governo de Sergipe, por meio da Funda\u00e7\u00e3o de Cultura e Arte Aperip\u00ea (Funcap), abriu a nova edi\u00e7\u00e3o da \u2018Segundona do Turista\u2019 na Rua S\u00e3o Jo\u00e3o, nesta segunda-feira, 5. Em sua terceira edi\u00e7\u00e3o, a \u2018Segundona\u2019 prop\u00f5e resgatar a tradi\u00e7\u00e3o do local, com seus 114 anos de hist\u00f3ria, e inicia os preparativos para a programa\u00e7\u00e3o dos [&hellip;]<\/p>\n","protected":false},"author":2,"featured_media":6307,"comment_status":"open","ping_status":"open","sticky":false,"template":"","format":"standard","meta":{"footnotes":""},"categories":[13,6,7],"tags":[],"class_list":["post-6306","post","type-post","status-publish","format-standard","has-post-thumbnail","hentry","category-acontece","category-letreiro","category-sergipe"],"_links":{"self":[{"href":"https:\/\/espacolivresergipe.com.br\/index.php\/wp-json\/wp\/v2\/posts\/6306","targetHints":{"allow":["GET"]}}],"collection":[{"href":"https:\/\/espacolivresergipe.com.br\/index.php\/wp-json\/wp\/v2\/posts"}],"about":[{"href":"https:\/\/espacolivresergipe.com.br\/index.php\/wp-json\/wp\/v2\/types\/post"}],"author":[{"embeddable":true,"href":"https:\/\/espacolivresergipe.com.br\/index.php\/wp-json\/wp\/v2\/users\/2"}],"replies":[{"embeddable":true,"href":"https:\/\/espacolivresergipe.com.br\/index.php\/wp-json\/wp\/v2\/comments?post=6306"}],"version-history":[{"count":1,"href":"https:\/\/espacolivresergipe.com.br\/index.php\/wp-json\/wp\/v2\/posts\/6306\/revisions"}],"predecessor-version":[{"id":6308,"href":"https:\/\/espacolivresergipe.com.br\/index.php\/wp-json\/wp\/v2\/posts\/6306\/revisions\/6308"}],"wp:featuredmedia":[{"embeddable":true,"href":"https:\/\/espacolivresergipe.com.br\/index.php\/wp-json\/wp\/v2\/media\/6307"}],"wp:attachment":[{"href":"https:\/\/espacolivresergipe.com.br\/index.php\/wp-json\/wp\/v2\/media?parent=6306"}],"wp:term":[{"taxonomy":"category","embeddable":true,"href":"https:\/\/espacolivresergipe.com.br\/index.php\/wp-json\/wp\/v2\/categories?post=6306"},{"taxonomy":"post_tag","embeddable":true,"href":"https:\/\/espacolivresergipe.com.br\/index.php\/wp-json\/wp\/v2\/tags?post=6306"}],"curies":[{"name":"wp","href":"https:\/\/api.w.org\/{rel}","templated":true}]}}