{"id":6323,"date":"2025-05-06T07:52:52","date_gmt":"2025-05-06T10:52:52","guid":{"rendered":"https:\/\/espacolivresergipe.com.br\/?p=6323"},"modified":"2025-05-06T07:52:53","modified_gmt":"2025-05-06T10:52:53","slug":"instituto-jcpm-promove-5a-feira-do-jovem-empreendedor-no-shopping-jardins","status":"publish","type":"post","link":"https:\/\/espacolivresergipe.com.br\/index.php\/2025\/05\/06\/instituto-jcpm-promove-5a-feira-do-jovem-empreendedor-no-shopping-jardins\/","title":{"rendered":"Instituto JCPM promove 5\u00aa Feira do Jovem Empreendedor no Shopping Jardins"},"content":{"rendered":"\n<p>Evento acontece de 7 a 9 de maio no Shopping Jardins e re\u00fane expositores de Aracaju, Serra do Machado e Santa Luzia do Itanhi<\/p>\n\n\n\n<p>Com o objetivo de incentivar o empreendedorismo na juventude, o Instituto Jo\u00e3o Carlos Paes Mendon\u00e7a de Compromisso Social (IJCPM) realiza a 5\u00aa edi\u00e7\u00e3o da Feira do Jovem Empreendedor. O evento acontece a partir desta quarta-feira, 7 de maio, no Shopping Jardins, em Aracaju (SE) e segue at\u00e9 a sexta-feira, 9 de maio, na Pra\u00e7a de Eventos Ip\u00ea, em frente \u00e0 loja Centauro. O acesso ser\u00e1 gratuito e o atendimento ao p\u00fablico acontecer\u00e1 das 10h \u00e0s 22h.<\/p>\n\n\n\n<p>Durante a feira, 10 alunos do IJCPM Aracaju e jovens de Santa Luzia do Itanhi e do povoado Serra do Machado, de Ribeir\u00f3polis, ir\u00e3o comercializar produtos de fabrica\u00e7\u00e3o pr\u00f3pria, como cer\u00e2micas, velas arom\u00e1ticas, camisetas, lumin\u00e1rias, pulseiras, acess\u00f3rios, dentre outros.<\/p>\n\n\n\n<p>&#8220;O evento \u00e9 fruto de roda de conversa com alunos do IJCPM e jovens de Santa Luzia do Itanhi e da Serra do Machado. Durante o encontro com a chef de cozinha e empreendedora, Bianca Oliveira, os participantes tiveram a oportunidade de trocar experi\u00eancias e conhecer pr\u00e1ticas importantes para o sucesso no mundo dos neg\u00f3cios&#8221;, explica Danielle Santana, coordenadora de Empregabilidade do IJCPM Aracaju.<\/p>\n\n\n\n<p>O IJCPM atua em Aracaju desde 2016, contribuindo com a forma\u00e7\u00e3o e a empregabilidade de jovens de 16 a 24 anos, estudantes ou ex-alunos da rede p\u00fablica de ensino.<\/p>\n\n\n\n<p>Foto Jo\u00e3o Soares &#8211; Lotti+Caldas Comunica\u00e7\u00e3o<\/p>\n","protected":false},"excerpt":{"rendered":"<p>Evento acontece de 7 a 9 de maio no Shopping Jardins e re\u00fane expositores de Aracaju, Serra do Machado e Santa Luzia do Itanhi Com o objetivo de incentivar o empreendedorismo na juventude, o Instituto Jo\u00e3o Carlos Paes Mendon\u00e7a de Compromisso Social (IJCPM) realiza a 5\u00aa edi\u00e7\u00e3o da Feira do Jovem Empreendedor. O evento acontece [&hellip;]<\/p>\n","protected":false},"author":2,"featured_media":6324,"comment_status":"open","ping_status":"open","sticky":false,"template":"","format":"standard","meta":{"footnotes":""},"categories":[13,6,10],"tags":[],"class_list":["post-6323","post","type-post","status-publish","format-standard","has-post-thumbnail","hentry","category-acontece","category-letreiro","category-noticias"],"_links":{"self":[{"href":"https:\/\/espacolivresergipe.com.br\/index.php\/wp-json\/wp\/v2\/posts\/6323","targetHints":{"allow":["GET"]}}],"collection":[{"href":"https:\/\/espacolivresergipe.com.br\/index.php\/wp-json\/wp\/v2\/posts"}],"about":[{"href":"https:\/\/espacolivresergipe.com.br\/index.php\/wp-json\/wp\/v2\/types\/post"}],"author":[{"embeddable":true,"href":"https:\/\/espacolivresergipe.com.br\/index.php\/wp-json\/wp\/v2\/users\/2"}],"replies":[{"embeddable":true,"href":"https:\/\/espacolivresergipe.com.br\/index.php\/wp-json\/wp\/v2\/comments?post=6323"}],"version-history":[{"count":1,"href":"https:\/\/espacolivresergipe.com.br\/index.php\/wp-json\/wp\/v2\/posts\/6323\/revisions"}],"predecessor-version":[{"id":6325,"href":"https:\/\/espacolivresergipe.com.br\/index.php\/wp-json\/wp\/v2\/posts\/6323\/revisions\/6325"}],"wp:featuredmedia":[{"embeddable":true,"href":"https:\/\/espacolivresergipe.com.br\/index.php\/wp-json\/wp\/v2\/media\/6324"}],"wp:attachment":[{"href":"https:\/\/espacolivresergipe.com.br\/index.php\/wp-json\/wp\/v2\/media?parent=6323"}],"wp:term":[{"taxonomy":"category","embeddable":true,"href":"https:\/\/espacolivresergipe.com.br\/index.php\/wp-json\/wp\/v2\/categories?post=6323"},{"taxonomy":"post_tag","embeddable":true,"href":"https:\/\/espacolivresergipe.com.br\/index.php\/wp-json\/wp\/v2\/tags?post=6323"}],"curies":[{"name":"wp","href":"https:\/\/api.w.org\/{rel}","templated":true}]}}