{"id":6332,"date":"2025-05-06T08:37:53","date_gmt":"2025-05-06T11:37:53","guid":{"rendered":"https:\/\/espacolivresergipe.com.br\/?p=6332"},"modified":"2025-05-06T08:37:54","modified_gmt":"2025-05-06T11:37:54","slug":"gacc-realiza-mais-uma-edicao-o-bazar-das-maes-nesta-sexta-feira-em-aracaju","status":"publish","type":"post","link":"https:\/\/espacolivresergipe.com.br\/index.php\/2025\/05\/06\/gacc-realiza-mais-uma-edicao-o-bazar-das-maes-nesta-sexta-feira-em-aracaju\/","title":{"rendered":"GACC realiza mais uma edi\u00e7\u00e3o o Bazar das M\u00e3es nesta sexta-feira em Aracaju"},"content":{"rendered":"\n<p>Em celebra\u00e7\u00e3o ao Dia das M\u00e3es, que tal presentear a mam\u00e3e e ao mesmo tempo, ajudar crian\u00e7as e adolescentes em tratamento do c\u00e2ncer? O Grupo de Apoio \u00e0 Crian\u00e7a com C\u00e2ncer de Sergipe vai realizar nesta sexta-feira, 9 de maio, mais uma edi\u00e7\u00e3o do Bazar das M\u00e3es, das 9 \u00e0s 18h, na Avenida Desembargador Maynard, 645, no Bairro Su\u00edssa em Aracaju.<\/p>\n\n\n\n<p>\u00c9 mais uma oportunidade de garantir o presente da mam\u00e3e a pre\u00e7os irrecus\u00e1veis e ajudar na presta\u00e7\u00e3o de servi\u00e7os de assist\u00eancia social e de sa\u00fade, no tratamento de mais de 120 crian\u00e7as e adolescentes acolhidos pela institui\u00e7\u00e3o.<\/p>\n\n\n\n<p>Toda a verba arrecadada no Bazar das M\u00e3es \u00e9 fundamental na realiza\u00e7\u00e3o de centenas de exames, consultas, alimenta\u00e7\u00e3o e estadia em todo o processo de tratamento do c\u00e2ncer, desde o diagn\u00f3stico at\u00e9 o restabelecimento do paciente.<\/p>\n\n\n\n<p>\u201cConvide as amigas, o irm\u00e3o e o paiz\u00e3o para conferirem os produtos como roupas, cal\u00e7ados e acess\u00f3rios, novos e seminovos, de qualidade, no Bazar das M\u00e3es do GACC. N\u00e3o perca tempo, garanta o presente para sua mam\u00e3e, com conforto, atendimento e pre\u00e7os especiais. Seu presente n\u00e3o \u00e9 apenas para sua m\u00e3e. Seu presente salva a vida de mais de 120 fam\u00edlias, acolhidas pelo GACC e que tanto precisam de n\u00f3s&#8221;, convida a gerente de capta\u00e7\u00e3o de recurso da institui\u00e7\u00e3o, Regimari Dias.<\/p>\n\n\n\n<p>Por Fredson Navarro\/ Navarro Comunica\u00e7\u00e3o<\/p>\n","protected":false},"excerpt":{"rendered":"<p>Em celebra\u00e7\u00e3o ao Dia das M\u00e3es, que tal presentear a mam\u00e3e e ao mesmo tempo, ajudar crian\u00e7as e adolescentes em tratamento do c\u00e2ncer? O Grupo de Apoio \u00e0 Crian\u00e7a com C\u00e2ncer de Sergipe vai realizar nesta sexta-feira, 9 de maio, mais uma edi\u00e7\u00e3o do Bazar das M\u00e3es, das 9 \u00e0s 18h, na Avenida Desembargador Maynard, [&hellip;]<\/p>\n","protected":false},"author":2,"featured_media":6333,"comment_status":"open","ping_status":"open","sticky":false,"template":"","format":"standard","meta":{"footnotes":""},"categories":[6,7],"tags":[],"class_list":["post-6332","post","type-post","status-publish","format-standard","has-post-thumbnail","hentry","category-letreiro","category-sergipe"],"_links":{"self":[{"href":"https:\/\/espacolivresergipe.com.br\/index.php\/wp-json\/wp\/v2\/posts\/6332","targetHints":{"allow":["GET"]}}],"collection":[{"href":"https:\/\/espacolivresergipe.com.br\/index.php\/wp-json\/wp\/v2\/posts"}],"about":[{"href":"https:\/\/espacolivresergipe.com.br\/index.php\/wp-json\/wp\/v2\/types\/post"}],"author":[{"embeddable":true,"href":"https:\/\/espacolivresergipe.com.br\/index.php\/wp-json\/wp\/v2\/users\/2"}],"replies":[{"embeddable":true,"href":"https:\/\/espacolivresergipe.com.br\/index.php\/wp-json\/wp\/v2\/comments?post=6332"}],"version-history":[{"count":1,"href":"https:\/\/espacolivresergipe.com.br\/index.php\/wp-json\/wp\/v2\/posts\/6332\/revisions"}],"predecessor-version":[{"id":6334,"href":"https:\/\/espacolivresergipe.com.br\/index.php\/wp-json\/wp\/v2\/posts\/6332\/revisions\/6334"}],"wp:featuredmedia":[{"embeddable":true,"href":"https:\/\/espacolivresergipe.com.br\/index.php\/wp-json\/wp\/v2\/media\/6333"}],"wp:attachment":[{"href":"https:\/\/espacolivresergipe.com.br\/index.php\/wp-json\/wp\/v2\/media?parent=6332"}],"wp:term":[{"taxonomy":"category","embeddable":true,"href":"https:\/\/espacolivresergipe.com.br\/index.php\/wp-json\/wp\/v2\/categories?post=6332"},{"taxonomy":"post_tag","embeddable":true,"href":"https:\/\/espacolivresergipe.com.br\/index.php\/wp-json\/wp\/v2\/tags?post=6332"}],"curies":[{"name":"wp","href":"https:\/\/api.w.org\/{rel}","templated":true}]}}