{"id":6335,"date":"2025-05-06T08:47:24","date_gmt":"2025-05-06T11:47:24","guid":{"rendered":"https:\/\/espacolivresergipe.com.br\/?p=6335"},"modified":"2025-05-06T08:47:25","modified_gmt":"2025-05-06T11:47:25","slug":"posse-do-escritor-antonio-camilo-na-academia-sergipana-de-letras-sera-nesta-sexta-feira","status":"publish","type":"post","link":"https:\/\/espacolivresergipe.com.br\/index.php\/2025\/05\/06\/posse-do-escritor-antonio-camilo-na-academia-sergipana-de-letras-sera-nesta-sexta-feira\/","title":{"rendered":"Posse do escritor Ant\u00f4nio Camilo na Academia Sergipana de Letras ser\u00e1 nesta sexta-feira"},"content":{"rendered":"\n<p>Solenidade de posse do novo imortal da ASL acontecer\u00e1 no Audit\u00f3rio A, do Bloco G, da Unit Farol\u00e2ndia<\/p>\n\n\n\n<p>O escritor, advogado e analista judici\u00e1rio Marco Ant\u00f4nio Camilo dos Santos, conhecido no meio liter\u00e1rio como Ant\u00f4nio Camilo, ser\u00e1 oficialmente empossado como membro da Academia Sergipana de Letras (ASL) nesta sexta-feira, 9 de maio. O novo imortal ocupar\u00e1 a Cadeira n\u00ba 9, sucedendo o m\u00e9dico Jos\u00e9 Abud, falecido em dezembro de 2024.<\/p>\n\n\n\n<p>Ant\u00f4nio Camilo \u00e9 o primeiro servidor do Poder Judici\u00e1rio de Sergipe \u2014 n\u00e3o integrante da magistratura \u2014 a ocupar uma cadeira na ASL. A solenidade ocorrer\u00e1 a partir das 15h, no Audit\u00f3rio A, do Bloco G, da Universidade Tiradentes, Campus Farol\u00e2ndia, em Aracaju. A sauda\u00e7\u00e3o ao novo acad\u00eamico ser\u00e1 feita pela imortal Marlene Alves Calumby.<\/p>\n\n\n\n<p>Autor de nove livros, Ant\u00f4nio Camilo atua como poeta, cronista, contista, memorialista e bi\u00f3grafo. Desde 1987, tem contribu\u00eddo ativamente para a cultura sergipana. Sua obra \u00e9 marcada por ampla pesquisa, sensibilidade e compromisso com a mem\u00f3ria de personalidades e institui\u00e7\u00f5es. Em 2013, lan\u00e7ou seu primeiro livro e, desde ent\u00e3o, vem se consolidando como um dos mais destacados escritores do estado e o mais produtivo bi\u00f3grafo sergipano.<\/p>\n\n\n\n<p>Natural de Aracaju, filho da professora Maria Consuelo Camilo dos Santos e do servidor p\u00fablico federal Juarez Camilo dos Santos, o escritor destaca o significado deste momento em sua vida pessoal e trajet\u00f3ria profissional. &#8220;Do ponto de vista pessoal, \u00e9 a confirma\u00e7\u00e3o de que quem tem foco, perseveran\u00e7a e f\u00e9 vence, podendo chegar a lugares antes inimagin\u00e1veis. J\u00e1 profissionalmente, \u00e9 o reconhecimento de um trabalho s\u00e9rio, de muita pesquisa e dedica\u00e7\u00e3o, com o firme prop\u00f3sito de entregar ao leitor uma obra da melhor qualidade&#8221;, afirma.<\/p>\n\n\n\n<p>Saiba mais sobre Ant\u00f4nio Camilo<\/p>\n\n\n\n<p>Com uma produ\u00e7\u00e3o liter\u00e1ria consistente, Ant\u00f4nio Camilo \u00e9 autor de &#8220;Um Presente de Deus \u2013 Hist\u00f3rias em Versos&#8221;, &#8220;Contos de P\u00e9rola&#8221;, &#8220;Get\u00falio S\u00e1vio Sobral \u2013 F\u00e9, Trabalho e Perseveran\u00e7a&#8221;, &#8220;Elysio Carmelo \u2013 Um Homem Admir\u00e1vel&#8221;, &#8220;A Fam\u00edlia do Cora\u00e7\u00e3o Imaculado de Maria no Brasil&#8221;, &#8220;Rochinha \u2013 Decano da Humildade&#8221;, &#8220;Antonio Carlos Valadares \u2013 O Realizador de Sonhos&#8221;, &#8220;Carlos Magalh\u00e3es \u2013 Pode me chamar de Mag\u00e1 que eu n\u00e3o me incomodo&#8221; e &#8220;Jos\u00e9 Trindade \u2013 Um Homem Singular. Um Ser Especial&#8221;.<\/p>\n\n\n\n<p>Parte dessas obras foi prefaciada ou apresentada por grandes nomes da pol\u00edtica e do Judici\u00e1rio brasileiro, como o ex-presidente da Rep\u00fablica Jos\u00e9 Sarney, o ex-governador e ex-senador Pedro Simon, o ex-presidente do Supremo Tribunal Federal Carlos Ayres Britto, o ex-senador Francisco Guimar\u00e3es Rollemberg e o ministro do Tribunal Superior do Trabalho Augusto C\u00e9sar Leite de Carvalho, entre outras personalidades.<\/p>\n\n\n\n<p>Texto e foto NV Comunica\u00e7\u00e3o<\/p>\n","protected":false},"excerpt":{"rendered":"<p>Solenidade de posse do novo imortal da ASL acontecer\u00e1 no Audit\u00f3rio A, do Bloco G, da Unit Farol\u00e2ndia O escritor, advogado e analista judici\u00e1rio Marco Ant\u00f4nio Camilo dos Santos, conhecido no meio liter\u00e1rio como Ant\u00f4nio Camilo, ser\u00e1 oficialmente empossado como membro da Academia Sergipana de Letras (ASL) nesta sexta-feira, 9 de maio. O novo imortal [&hellip;]<\/p>\n","protected":false},"author":2,"featured_media":6336,"comment_status":"open","ping_status":"open","sticky":false,"template":"","format":"standard","meta":{"footnotes":""},"categories":[6,10],"tags":[],"class_list":["post-6335","post","type-post","status-publish","format-standard","has-post-thumbnail","hentry","category-letreiro","category-noticias"],"_links":{"self":[{"href":"https:\/\/espacolivresergipe.com.br\/index.php\/wp-json\/wp\/v2\/posts\/6335","targetHints":{"allow":["GET"]}}],"collection":[{"href":"https:\/\/espacolivresergipe.com.br\/index.php\/wp-json\/wp\/v2\/posts"}],"about":[{"href":"https:\/\/espacolivresergipe.com.br\/index.php\/wp-json\/wp\/v2\/types\/post"}],"author":[{"embeddable":true,"href":"https:\/\/espacolivresergipe.com.br\/index.php\/wp-json\/wp\/v2\/users\/2"}],"replies":[{"embeddable":true,"href":"https:\/\/espacolivresergipe.com.br\/index.php\/wp-json\/wp\/v2\/comments?post=6335"}],"version-history":[{"count":1,"href":"https:\/\/espacolivresergipe.com.br\/index.php\/wp-json\/wp\/v2\/posts\/6335\/revisions"}],"predecessor-version":[{"id":6337,"href":"https:\/\/espacolivresergipe.com.br\/index.php\/wp-json\/wp\/v2\/posts\/6335\/revisions\/6337"}],"wp:featuredmedia":[{"embeddable":true,"href":"https:\/\/espacolivresergipe.com.br\/index.php\/wp-json\/wp\/v2\/media\/6336"}],"wp:attachment":[{"href":"https:\/\/espacolivresergipe.com.br\/index.php\/wp-json\/wp\/v2\/media?parent=6335"}],"wp:term":[{"taxonomy":"category","embeddable":true,"href":"https:\/\/espacolivresergipe.com.br\/index.php\/wp-json\/wp\/v2\/categories?post=6335"},{"taxonomy":"post_tag","embeddable":true,"href":"https:\/\/espacolivresergipe.com.br\/index.php\/wp-json\/wp\/v2\/tags?post=6335"}],"curies":[{"name":"wp","href":"https:\/\/api.w.org\/{rel}","templated":true}]}}