{"id":6338,"date":"2025-05-06T09:05:00","date_gmt":"2025-05-06T12:05:00","guid":{"rendered":"https:\/\/espacolivresergipe.com.br\/?p=6338"},"modified":"2025-05-06T09:05:01","modified_gmt":"2025-05-06T12:05:01","slug":"fundat-confira-as-vagas-de-emprego-disponiveis-nesta-terca-feira-em-aracaju-5","status":"publish","type":"post","link":"https:\/\/espacolivresergipe.com.br\/index.php\/2025\/05\/06\/fundat-confira-as-vagas-de-emprego-disponiveis-nesta-terca-feira-em-aracaju-5\/","title":{"rendered":"Fundat: Confira as vagas de emprego dispon\u00edveis nesta ter\u00e7a-feira em Aracaju"},"content":{"rendered":"\n<p>A Funda\u00e7\u00e3o Municipal de Forma\u00e7\u00e3o para o Trabalho (Fundat) divulga novas vagas de emprego que ser\u00e3o disponibilizadas nesta ter\u00e7a-feira (06)&nbsp; para a popula\u00e7\u00e3o aracajuana.<\/p>\n\n\n\n<p>Os interessados em candidatar-se \u00e0s vagas precisam se cadastrar ou atualizar o curr\u00edculo na sede da Fundat, localizada no cal\u00e7ad\u00e3o da rua Jo\u00e3o Pessoa, 127, Centro, portando carteira de trabalho, RG, CPF e curr\u00edculo.<\/p>\n\n\n\n<p>O hor\u00e1rio de funcionamento do \u00f3rg\u00e3o \u00e9 de segunda a sexta-feira, das 7h \u00e0s 17h.<\/p>\n\n\n\n<p>VENDEDOR<\/p>\n\n\n\n<p>Ensino M\u00e9dio Completo<\/p>\n\n\n\n<p>Sem experi\u00eancia<\/p>\n\n\n\n<p>Ambos os sexos<\/p>\n\n\n\n<p>Empresa localizada no bairro Centro<\/p>\n\n\n\n<p>CHURRASQUEIRO<\/p>\n\n\n\n<p>N\u00e3o Alfabetizado<\/p>\n\n\n\n<p>Com 1 Ano De Experi\u00eancia com comprova\u00e7\u00e3o em Ctps<\/p>\n\n\n\n<p>Empresa Localizada No Bairro Centro<\/p>\n\n\n\n<p>MEC\u00c2NICO AUTOMOTIVO<\/p>\n\n\n\n<p>Alfabetizado<\/p>\n\n\n\n<p>Com 6 meses de experi\u00eancia sem comprova\u00e7\u00e3o em Ctps<\/p>\n\n\n\n<p>Ambos os sexos<\/p>\n\n\n\n<p>Empresa localizada no bairro Salgado Filho<\/p>\n\n\n\n<p>ELETRICISTA<\/p>\n\n\n\n<p>Alfabetizado<\/p>\n\n\n\n<p>Com 6 meses de experi\u00eancia sem comprova\u00e7\u00e3o em Ctps<\/p>\n\n\n\n<p>Ambos os sexos<\/p>\n\n\n\n<p>Empresa localizada no bairro Salgado Filho<\/p>\n\n\n\n<p>ALINHADOR<\/p>\n\n\n\n<p>Alfabetizado<\/p>\n\n\n\n<p>Com 6 meses de experi\u00eancia sem comprova\u00e7\u00e3o em Ctps<\/p>\n\n\n\n<p>Empresa localizada no bairro Salgado Filho<\/p>\n","protected":false},"excerpt":{"rendered":"<p>A Funda\u00e7\u00e3o Municipal de Forma\u00e7\u00e3o para o Trabalho (Fundat) divulga novas vagas de emprego que ser\u00e3o disponibilizadas nesta ter\u00e7a-feira (06)&nbsp; para a popula\u00e7\u00e3o aracajuana. Os interessados em candidatar-se \u00e0s vagas precisam se cadastrar ou atualizar o curr\u00edculo na sede da Fundat, localizada no cal\u00e7ad\u00e3o da rua Jo\u00e3o Pessoa, 127, Centro, portando carteira de trabalho, RG, [&hellip;]<\/p>\n","protected":false},"author":2,"featured_media":6339,"comment_status":"open","ping_status":"open","sticky":false,"template":"","format":"standard","meta":{"footnotes":""},"categories":[12,10],"tags":[],"class_list":["post-6338","post","type-post","status-publish","format-standard","has-post-thumbnail","hentry","category-agora","category-noticias"],"_links":{"self":[{"href":"https:\/\/espacolivresergipe.com.br\/index.php\/wp-json\/wp\/v2\/posts\/6338","targetHints":{"allow":["GET"]}}],"collection":[{"href":"https:\/\/espacolivresergipe.com.br\/index.php\/wp-json\/wp\/v2\/posts"}],"about":[{"href":"https:\/\/espacolivresergipe.com.br\/index.php\/wp-json\/wp\/v2\/types\/post"}],"author":[{"embeddable":true,"href":"https:\/\/espacolivresergipe.com.br\/index.php\/wp-json\/wp\/v2\/users\/2"}],"replies":[{"embeddable":true,"href":"https:\/\/espacolivresergipe.com.br\/index.php\/wp-json\/wp\/v2\/comments?post=6338"}],"version-history":[{"count":1,"href":"https:\/\/espacolivresergipe.com.br\/index.php\/wp-json\/wp\/v2\/posts\/6338\/revisions"}],"predecessor-version":[{"id":6340,"href":"https:\/\/espacolivresergipe.com.br\/index.php\/wp-json\/wp\/v2\/posts\/6338\/revisions\/6340"}],"wp:featuredmedia":[{"embeddable":true,"href":"https:\/\/espacolivresergipe.com.br\/index.php\/wp-json\/wp\/v2\/media\/6339"}],"wp:attachment":[{"href":"https:\/\/espacolivresergipe.com.br\/index.php\/wp-json\/wp\/v2\/media?parent=6338"}],"wp:term":[{"taxonomy":"category","embeddable":true,"href":"https:\/\/espacolivresergipe.com.br\/index.php\/wp-json\/wp\/v2\/categories?post=6338"},{"taxonomy":"post_tag","embeddable":true,"href":"https:\/\/espacolivresergipe.com.br\/index.php\/wp-json\/wp\/v2\/tags?post=6338"}],"curies":[{"name":"wp","href":"https:\/\/api.w.org\/{rel}","templated":true}]}}