{"id":634,"date":"2025-03-18T08:44:38","date_gmt":"2025-03-18T11:44:38","guid":{"rendered":"https:\/\/espacolivresergipe.com.br\/?p=634"},"modified":"2025-03-18T08:44:39","modified_gmt":"2025-03-18T11:44:39","slug":"abs-regional-sergipe-promove-a-campanha-faca-da-saude-do-sono-uma-prioridade","status":"publish","type":"post","link":"https:\/\/espacolivresergipe.com.br\/index.php\/2025\/03\/18\/abs-regional-sergipe-promove-a-campanha-faca-da-saude-do-sono-uma-prioridade\/","title":{"rendered":"ABS Regional Sergipe promove a campanha &#8216;Fa\u00e7a da Sa\u00fade do Sono uma Prioridade&#8217;"},"content":{"rendered":"\n<p>Em Aracaju, uma das a\u00e7\u00f5es alusivas ao evento acontece no dia 19 de mar\u00e7o no RioMar Shopping<\/p>\n\n\n\n<p>A Academia Brasileira do Sono (ABS), Associa\u00e7\u00e3o Brasileira de Medicina do Sono (ABMS) e Associa\u00e7\u00e3o Brasileira de Odontologia do Sono (ABROS), em parceria com o RioMar Aracaju, promove no dia 19 de mar\u00e7o, das 10h \u00e0s 22h, o evento &#8220;Fa\u00e7a da Sa\u00fade do Sono uma Prioridade&#8221;. A a\u00e7\u00e3o educativa tem como objetivo alertar a sociedade para a import\u00e2ncia de um sono de qualidade, como base de uma vida livre de doen\u00e7as f\u00edsicas e mentais.<\/p>\n\n\n\n<p>A Semana do Sono abrange centenas de a\u00e7\u00f5es promovidas por profissionais de diferentes \u00e1reas da sa\u00fade, para orientar a popula\u00e7\u00e3o com informa\u00e7\u00f5es qualificadas e com novidades em pesquisas, atrav\u00e9s de lives, webinars e atividades p\u00fablicas.<\/p>\n\n\n\n<p>Em Aracaju, a a\u00e7\u00e3o educativa coordenada pela presidente da Regional Sergipe da Academia Brasileira do Sono e fisioterapeuta do Sono, Moara Rocha, re\u00fane m\u00e9dicos, dentistas, fisioterapeutas e psic\u00f3logos para abordar temas como a rela\u00e7\u00e3o entre envelhecimento saud\u00e1vel e sono, apneia obstrutiva do sono, priva\u00e7\u00e3o de sono e ins\u00f4nia e o sono na inf\u00e2ncia. O evento acontecer\u00e1 no Piso L1, em frente \u00e0 Kalunga.<\/p>\n\n\n\n<p>A coordenadora geral da campanha, Dra. Luciana Studart, fonoaudi\u00f3loga e professora da UFPE, explica que todas as recomenda\u00e7\u00f5es de sa\u00fade hoje abordam o sono. &#8220;No trip\u00e9 para uma vida saud\u00e1vel est\u00e3o a alimenta\u00e7\u00e3o, a atividade f\u00edsica e o sono. Precisa existir um compromisso com a quest\u00e3o comportamental, n\u00e3o esperar que as doen\u00e7as cheguem e priorizar no intuito da preven\u00e7\u00e3o. Que isso seja realmente um cuidado, pois dormir bem deve ser uma prioridade na vida das pessoas&#8221;, pontua a coordenadora.<\/p>\n\n\n\n<p>Servi\u00e7o.<\/p>\n\n\n\n<p>O qu\u00ea? Semana do Sono 2025. Evento visa conscientizar a popula\u00e7\u00e3o para a import\u00e2ncia de um sono saud\u00e1vel.<\/p>\n\n\n\n<p>Quando? 19 de mar\u00e7o, das 10h \u00e0s 22h.<\/p>\n\n\n\n<p>Onde? Primeiro piso, em frente \u00e0 Kalunga no RioMar Shopping Aracaju \u2013 Avenida Delmiro Gouveia, 400, Coroa do Meio.<\/p>\n\n\n\n<p>Acesso? Gratuito.<\/p>\n\n\n\n<p>Lotti+Caldas Comunica\u00e7\u00e3o &#8211; Foto GettyImages<\/p>\n","protected":false},"excerpt":{"rendered":"<p>Em Aracaju, uma das a\u00e7\u00f5es alusivas ao evento acontece no dia 19 de mar\u00e7o no RioMar Shopping A Academia Brasileira do Sono (ABS), Associa\u00e7\u00e3o Brasileira de Medicina do Sono (ABMS) e Associa\u00e7\u00e3o Brasileira de Odontologia do Sono (ABROS), em parceria com o RioMar Aracaju, promove no dia 19 de mar\u00e7o, das 10h \u00e0s 22h, o [&hellip;]<\/p>\n","protected":false},"author":2,"featured_media":635,"comment_status":"open","ping_status":"open","sticky":false,"template":"","format":"standard","meta":{"footnotes":""},"categories":[12,10],"tags":[],"class_list":["post-634","post","type-post","status-publish","format-standard","has-post-thumbnail","hentry","category-agora","category-noticias"],"_links":{"self":[{"href":"https:\/\/espacolivresergipe.com.br\/index.php\/wp-json\/wp\/v2\/posts\/634","targetHints":{"allow":["GET"]}}],"collection":[{"href":"https:\/\/espacolivresergipe.com.br\/index.php\/wp-json\/wp\/v2\/posts"}],"about":[{"href":"https:\/\/espacolivresergipe.com.br\/index.php\/wp-json\/wp\/v2\/types\/post"}],"author":[{"embeddable":true,"href":"https:\/\/espacolivresergipe.com.br\/index.php\/wp-json\/wp\/v2\/users\/2"}],"replies":[{"embeddable":true,"href":"https:\/\/espacolivresergipe.com.br\/index.php\/wp-json\/wp\/v2\/comments?post=634"}],"version-history":[{"count":1,"href":"https:\/\/espacolivresergipe.com.br\/index.php\/wp-json\/wp\/v2\/posts\/634\/revisions"}],"predecessor-version":[{"id":636,"href":"https:\/\/espacolivresergipe.com.br\/index.php\/wp-json\/wp\/v2\/posts\/634\/revisions\/636"}],"wp:featuredmedia":[{"embeddable":true,"href":"https:\/\/espacolivresergipe.com.br\/index.php\/wp-json\/wp\/v2\/media\/635"}],"wp:attachment":[{"href":"https:\/\/espacolivresergipe.com.br\/index.php\/wp-json\/wp\/v2\/media?parent=634"}],"wp:term":[{"taxonomy":"category","embeddable":true,"href":"https:\/\/espacolivresergipe.com.br\/index.php\/wp-json\/wp\/v2\/categories?post=634"},{"taxonomy":"post_tag","embeddable":true,"href":"https:\/\/espacolivresergipe.com.br\/index.php\/wp-json\/wp\/v2\/tags?post=634"}],"curies":[{"name":"wp","href":"https:\/\/api.w.org\/{rel}","templated":true}]}}