{"id":6341,"date":"2025-05-06T09:24:33","date_gmt":"2025-05-06T12:24:33","guid":{"rendered":"https:\/\/espacolivresergipe.com.br\/?p=6341"},"modified":"2025-05-06T09:24:33","modified_gmt":"2025-05-06T12:24:33","slug":"operacao-conjunta-entre-o-bope-de-se-e-al-resulta-em-prisao-e-apreensoes-em-maceio","status":"publish","type":"post","link":"https:\/\/espacolivresergipe.com.br\/index.php\/2025\/05\/06\/operacao-conjunta-entre-o-bope-de-se-e-al-resulta-em-prisao-e-apreensoes-em-maceio\/","title":{"rendered":"Opera\u00e7\u00e3o conjunta entre o Bope de SE e AL resulta em pris\u00e3o e apreens\u00f5es em Macei\u00f3"},"content":{"rendered":"\n<p>Uma opera\u00e7\u00e3o conjunta do Batalh\u00e3o de Opera\u00e7\u00f5es Especiais da Pol\u00edcia Militar de Sergipe (Bope\/PMSE) e do Batalh\u00e3o de Opera\u00e7\u00f5es Policiais Especiais da Pol\u00edcia Militar de Alagoas (Bope\/PMAL) resultou no cumprimento de um mandado de pris\u00e3o na cidade de Macei\u00f3, Alagoas. O fato ocorreu neste domingo (4).<\/p>\n\n\n\n<p>Durante a a\u00e7\u00e3o integrada, que visava o cumprimento de ordem judicial, as equipes policiais tamb\u00e9m apreenderam drogas, uma balan\u00e7a de precis\u00e3o e um simulacro de arma de fogo.<\/p>\n\n\n\n<p>A opera\u00e7\u00e3o conjunta integrou as atividades pr\u00e1ticas da III edi\u00e7\u00e3o do Curso de A\u00e7\u00f5es T\u00e1ticas Especiais (CATE), promovido pelo Bope sergipano. Essa iniciativa refor\u00e7a o interc\u00e2mbio operacional e a troca de conhecimentos entre as unidades de opera\u00e7\u00f5es especiais dos dois estados, fortalecendo as estrat\u00e9gias de combate ao crime.<\/p>\n\n\n\n<p>A Pol\u00edcia Militar de Sergipe reitera seu firme compromisso com a qualifica\u00e7\u00e3o constante de seus integrantes, a coopera\u00e7\u00e3o interestadual e a atua\u00e7\u00e3o pautada pela legalidade e pela excel\u00eancia t\u00e9cnica policial, visando a seguran\u00e7a e o bem-estar da sociedade.<\/p>\n\n\n\n<p>Fonte: Ascom PM\/SE<\/p>\n","protected":false},"excerpt":{"rendered":"<p>Uma opera\u00e7\u00e3o conjunta do Batalh\u00e3o de Opera\u00e7\u00f5es Especiais da Pol\u00edcia Militar de Sergipe (Bope\/PMSE) e do Batalh\u00e3o de Opera\u00e7\u00f5es Policiais Especiais da Pol\u00edcia Militar de Alagoas (Bope\/PMAL) resultou no cumprimento de um mandado de pris\u00e3o na cidade de Macei\u00f3, Alagoas. O fato ocorreu neste domingo (4). Durante a a\u00e7\u00e3o integrada, que visava o cumprimento de [&hellip;]<\/p>\n","protected":false},"author":2,"featured_media":6342,"comment_status":"open","ping_status":"open","sticky":false,"template":"","format":"standard","meta":{"footnotes":""},"categories":[13,3],"tags":[],"class_list":["post-6341","post","type-post","status-publish","format-standard","has-post-thumbnail","hentry","category-acontece","category-policia"],"_links":{"self":[{"href":"https:\/\/espacolivresergipe.com.br\/index.php\/wp-json\/wp\/v2\/posts\/6341","targetHints":{"allow":["GET"]}}],"collection":[{"href":"https:\/\/espacolivresergipe.com.br\/index.php\/wp-json\/wp\/v2\/posts"}],"about":[{"href":"https:\/\/espacolivresergipe.com.br\/index.php\/wp-json\/wp\/v2\/types\/post"}],"author":[{"embeddable":true,"href":"https:\/\/espacolivresergipe.com.br\/index.php\/wp-json\/wp\/v2\/users\/2"}],"replies":[{"embeddable":true,"href":"https:\/\/espacolivresergipe.com.br\/index.php\/wp-json\/wp\/v2\/comments?post=6341"}],"version-history":[{"count":1,"href":"https:\/\/espacolivresergipe.com.br\/index.php\/wp-json\/wp\/v2\/posts\/6341\/revisions"}],"predecessor-version":[{"id":6343,"href":"https:\/\/espacolivresergipe.com.br\/index.php\/wp-json\/wp\/v2\/posts\/6341\/revisions\/6343"}],"wp:featuredmedia":[{"embeddable":true,"href":"https:\/\/espacolivresergipe.com.br\/index.php\/wp-json\/wp\/v2\/media\/6342"}],"wp:attachment":[{"href":"https:\/\/espacolivresergipe.com.br\/index.php\/wp-json\/wp\/v2\/media?parent=6341"}],"wp:term":[{"taxonomy":"category","embeddable":true,"href":"https:\/\/espacolivresergipe.com.br\/index.php\/wp-json\/wp\/v2\/categories?post=6341"},{"taxonomy":"post_tag","embeddable":true,"href":"https:\/\/espacolivresergipe.com.br\/index.php\/wp-json\/wp\/v2\/tags?post=6341"}],"curies":[{"name":"wp","href":"https:\/\/api.w.org\/{rel}","templated":true}]}}