{"id":6344,"date":"2025-05-06T09:46:53","date_gmt":"2025-05-06T12:46:53","guid":{"rendered":"https:\/\/espacolivresergipe.com.br\/?p=6344"},"modified":"2025-05-06T09:46:53","modified_gmt":"2025-05-06T12:46:53","slug":"viagem-no-dia-das-maes-movimenta-turismo-personalizado-em-sergipe","status":"publish","type":"post","link":"https:\/\/espacolivresergipe.com.br\/index.php\/2025\/05\/06\/viagem-no-dia-das-maes-movimenta-turismo-personalizado-em-sergipe\/","title":{"rendered":"Viagem no Dia das M\u00e3es movimenta turismo personalizado em Sergipe"},"content":{"rendered":"\n<p>Em tempos em que experi\u00eancias t\u00eam ganhado mais valor que bens materiais, muitas fam\u00edlias est\u00e3o buscando novas formas de celebrar o Dia das M\u00e3es. Uma delas \u00e9 transformar a data em uma oportunidade de criar mem\u00f3rias \u2014 e uma viagem pode ser o presente ideal.<\/p>\n\n\n\n<p>Em Aracaju, essa tend\u00eancia j\u00e1 \u00e9 percebida por agentes de turismo que t\u00eam observado um aumento na procura por pacotes personalizados voltados para m\u00e3es e mulheres que desejam viajar sozinhas ou em grupos. A empres\u00e1ria Carol Asencio, \u00e0 frente da BeFly Travel na capital sergipana, tem acompanhado de perto esse movimento. Segundo ela, a viagem como presente n\u00e3o \u00e9 apenas uma forma de descanso, mas tamb\u00e9m de reconex\u00e3o consigo mesma.<\/p>\n\n\n\n<p>&#8220;Cada vez mais as m\u00e3es est\u00e3o buscando esse tempo para si, seja para conhecer um novo destino, se divertir com amigas ou compartilhar momentos com a fam\u00edlia longe da rotina. Uma viagem tem o poder de marcar a vida de forma profunda&#8221;, afirma.<\/p>\n\n\n\n<p>Entre os roteiros mais procurados para a ocasi\u00e3o, os grupos femininos ganham destaque para destinos como S\u00e3o Paulo e Rio de Janeiro. Outra \u00f3tima op\u00e7\u00e3o tamb\u00e9m s\u00e3o os diversos resorts no Nordeste como Bahia e Alagoas.&nbsp;<\/p>\n\n\n\n<p>Destinos internacionais tamb\u00e9m t\u00eam sido escolhidos por m\u00e3es com esp\u00edrito aventureiro. Recentemente, Carol compartilhou nas redes sociais um guia pr\u00e1tico para quem deseja explorar cidades europeias como Berlim, Viena, Budapeste e Amsterd\u00e3 \u2014 uma curadoria baseada em sua pr\u00f3pria experi\u00eancia pela Europa.<\/p>\n\n\n\n<p>Para as m\u00e3es que sonham com uma viagem em fam\u00edlia, destinos como Orlando, nos Estados Unidos, continuam no topo da lista. &#8220;A ideia de levar os filhos para a Disney ou embarcar juntos em um roteiro tem\u00e1tico, por exemplo, transforma o presente em uma mem\u00f3ria coletiva&#8221;, destaca Carol.<\/p>\n\n\n\n<p>Para mais informa\u00e7\u00f5es sobre as op\u00e7\u00f5es de viagens para o Dia das M\u00e3es, busque por @beflytravel.aracaju no Instagram e entre em contato com a central de atendimento on-line ou visite uma das lojas f\u00edsicas, na 13 de Julho, P\u00e1tio Jardins ou Dec\u00f3s.<\/p>\n\n\n\n<p>Martins Assessoria de Comunica\u00e7\u00e3o \u2013 Foto Nay Dantas<\/p>\n","protected":false},"excerpt":{"rendered":"<p>Em tempos em que experi\u00eancias t\u00eam ganhado mais valor que bens materiais, muitas fam\u00edlias est\u00e3o buscando novas formas de celebrar o Dia das M\u00e3es. Uma delas \u00e9 transformar a data em uma oportunidade de criar mem\u00f3rias \u2014 e uma viagem pode ser o presente ideal. Em Aracaju, essa tend\u00eancia j\u00e1 \u00e9 percebida por agentes de [&hellip;]<\/p>\n","protected":false},"author":2,"featured_media":6345,"comment_status":"open","ping_status":"open","sticky":false,"template":"","format":"standard","meta":{"footnotes":""},"categories":[12,7],"tags":[],"class_list":["post-6344","post","type-post","status-publish","format-standard","has-post-thumbnail","hentry","category-agora","category-sergipe"],"_links":{"self":[{"href":"https:\/\/espacolivresergipe.com.br\/index.php\/wp-json\/wp\/v2\/posts\/6344","targetHints":{"allow":["GET"]}}],"collection":[{"href":"https:\/\/espacolivresergipe.com.br\/index.php\/wp-json\/wp\/v2\/posts"}],"about":[{"href":"https:\/\/espacolivresergipe.com.br\/index.php\/wp-json\/wp\/v2\/types\/post"}],"author":[{"embeddable":true,"href":"https:\/\/espacolivresergipe.com.br\/index.php\/wp-json\/wp\/v2\/users\/2"}],"replies":[{"embeddable":true,"href":"https:\/\/espacolivresergipe.com.br\/index.php\/wp-json\/wp\/v2\/comments?post=6344"}],"version-history":[{"count":1,"href":"https:\/\/espacolivresergipe.com.br\/index.php\/wp-json\/wp\/v2\/posts\/6344\/revisions"}],"predecessor-version":[{"id":6346,"href":"https:\/\/espacolivresergipe.com.br\/index.php\/wp-json\/wp\/v2\/posts\/6344\/revisions\/6346"}],"wp:featuredmedia":[{"embeddable":true,"href":"https:\/\/espacolivresergipe.com.br\/index.php\/wp-json\/wp\/v2\/media\/6345"}],"wp:attachment":[{"href":"https:\/\/espacolivresergipe.com.br\/index.php\/wp-json\/wp\/v2\/media?parent=6344"}],"wp:term":[{"taxonomy":"category","embeddable":true,"href":"https:\/\/espacolivresergipe.com.br\/index.php\/wp-json\/wp\/v2\/categories?post=6344"},{"taxonomy":"post_tag","embeddable":true,"href":"https:\/\/espacolivresergipe.com.br\/index.php\/wp-json\/wp\/v2\/tags?post=6344"}],"curies":[{"name":"wp","href":"https:\/\/api.w.org\/{rel}","templated":true}]}}