{"id":6350,"date":"2025-05-06T10:01:59","date_gmt":"2025-05-06T13:01:59","guid":{"rendered":"https:\/\/espacolivresergipe.com.br\/?p=6350"},"modified":"2025-05-06T10:02:00","modified_gmt":"2025-05-06T13:02:00","slug":"tce-se-realiza-seminario-em-lagarto-voltado-a-gestores-e-servidores-de-28-municipios-sergipanos","status":"publish","type":"post","link":"https:\/\/espacolivresergipe.com.br\/index.php\/2025\/05\/06\/tce-se-realiza-seminario-em-lagarto-voltado-a-gestores-e-servidores-de-28-municipios-sergipanos\/","title":{"rendered":"TCE\/SE realiza semin\u00e1rio em Lagarto voltado a gestores e servidores de 28 munic\u00edpios sergipanos"},"content":{"rendered":"\n<p>Nos dias 20 e 21 de maio, o Tribunal de Contas do Estado de Sergipe (TCE\/SE), por meio da Escola de Contas Conselheiro Jos\u00e9 Amado Nascimento (Escontas), realizar\u00e1 o semin\u00e1rio &#8220;Governan\u00e7a, Sustentabilidade e Controle Externo: os desafios do 1\u00ba ano de gest\u00e3o municipal \u2013 Polo Lagarto&#8221;. O evento \u00e9 direcionado a prefeitos, vice-prefeitos, secret\u00e1rios e servidores p\u00fablicos de 28 munic\u00edpios sergipanos.<\/p>\n\n\n\n<p>A programa\u00e7\u00e3o ocorrer\u00e1 das 8h \u00e0s 14h, no audit\u00f3rio da antiga Faculdade Ages. A iniciativa tem como objetivo descentralizar e fortalecer a atua\u00e7\u00e3o pedag\u00f3gica da Escola de Contas, aproximando o Tribunal das administra\u00e7\u00f5es municipais e promovendo a capacita\u00e7\u00e3o para uma gest\u00e3o mais eficiente e alinhada aos princ\u00edpios da boa governan\u00e7a.<\/p>\n\n\n\n<p>Segundo a presidente do TCE\/SE, conselheira Susana Azevedo, o evento refor\u00e7a o compromisso do Tribunal com a qualifica\u00e7\u00e3o da gest\u00e3o p\u00fablica.<\/p>\n\n\n\n<p>&#8220;Ao promovermos semin\u00e1rios como este, buscamos orientar e capacitar os gestores municipais para que suas decis\u00f5es estejam sempre alinhadas \u00e0 legalidade, \u00e0 transpar\u00eancia e ao interesse da sociedade. O Tribunal de Contas \u00e9, antes de tudo, um parceiro da boa gest\u00e3o.&#8221;<\/p>\n\n\n\n<p>O semin\u00e1rio contar\u00e1 com uma s\u00e9rie de palestras sobre temas essenciais \u00e0 boa administra\u00e7\u00e3o p\u00fablica, como inova\u00e7\u00e3o e sustentabilidade nas compras p\u00fablicas, saneamento b\u00e1sico, gest\u00e3o e fiscaliza\u00e7\u00e3o de obras, boas pr\u00e1ticas voltadas \u00e0 primeira inf\u00e2ncia, entre outros.<\/p>\n\n\n\n<p>Cada Prefeitura poder\u00e1 inscrever at\u00e9 seis representantes, e as C\u00e2maras Municipais, at\u00e9 dois. As inscri\u00e7\u00f5es devem ser feitas at\u00e9 o dia 16 de maio de 2025, por meio do e-mail escontas@tce.se.gov.br, com as seguintes informa\u00e7\u00f5es: nome completo, CPF, e-mail, telefone e setor de lota\u00e7\u00e3o.<\/p>\n\n\n\n<p>A participa\u00e7\u00e3o no evento est\u00e1 condicionada ao envio completo desses dados, que tamb\u00e9m ser\u00e3o utilizados para a emiss\u00e3o de certificados.<\/p>\n\n\n\n<p>Munic\u00edpios vinculados ao Polo Lagarto:<\/p>\n\n\n\n<p>Arau\u00e1, Boquim, Campo do Brito, Carira, Cristin\u00e1polis, Est\u00e2ncia, Frei Paulo, Indiaroba, Itabaiana, Itabaianinha, Itaporanga D&#8217;Ajuda, Lagarto, Macambira, Malhador, Moita Bonita, Pedra Mole, Pedrinhas, Pinh\u00e3o, Po\u00e7o Verde, Riach\u00e3o do Dantas, Ribeir\u00f3polis, Salgado, Santa Luzia do Itanhy, S\u00e3o Domingos, Sim\u00e3o Dias, Tobias Barreto, Tomar do Geru e Umba\u00faba.<\/p>\n\n\n\n<p>Mais informa\u00e7\u00f5es podem ser obtidas pelo e-mail escontas@tce.se.gov.br ou no 3216-4740.<\/p>\n\n\n\n<p>Por DICOM\/TCE &#8211; Foto: Igor Graccho<\/p>\n","protected":false},"excerpt":{"rendered":"<p>Nos dias 20 e 21 de maio, o Tribunal de Contas do Estado de Sergipe (TCE\/SE), por meio da Escola de Contas Conselheiro Jos\u00e9 Amado Nascimento (Escontas), realizar\u00e1 o semin\u00e1rio &#8220;Governan\u00e7a, Sustentabilidade e Controle Externo: os desafios do 1\u00ba ano de gest\u00e3o municipal \u2013 Polo Lagarto&#8221;. O evento \u00e9 direcionado a prefeitos, vice-prefeitos, secret\u00e1rios e [&hellip;]<\/p>\n","protected":false},"author":2,"featured_media":6351,"comment_status":"open","ping_status":"open","sticky":false,"template":"","format":"standard","meta":{"footnotes":""},"categories":[13,6,7],"tags":[],"class_list":["post-6350","post","type-post","status-publish","format-standard","has-post-thumbnail","hentry","category-acontece","category-letreiro","category-sergipe"],"_links":{"self":[{"href":"https:\/\/espacolivresergipe.com.br\/index.php\/wp-json\/wp\/v2\/posts\/6350","targetHints":{"allow":["GET"]}}],"collection":[{"href":"https:\/\/espacolivresergipe.com.br\/index.php\/wp-json\/wp\/v2\/posts"}],"about":[{"href":"https:\/\/espacolivresergipe.com.br\/index.php\/wp-json\/wp\/v2\/types\/post"}],"author":[{"embeddable":true,"href":"https:\/\/espacolivresergipe.com.br\/index.php\/wp-json\/wp\/v2\/users\/2"}],"replies":[{"embeddable":true,"href":"https:\/\/espacolivresergipe.com.br\/index.php\/wp-json\/wp\/v2\/comments?post=6350"}],"version-history":[{"count":1,"href":"https:\/\/espacolivresergipe.com.br\/index.php\/wp-json\/wp\/v2\/posts\/6350\/revisions"}],"predecessor-version":[{"id":6352,"href":"https:\/\/espacolivresergipe.com.br\/index.php\/wp-json\/wp\/v2\/posts\/6350\/revisions\/6352"}],"wp:featuredmedia":[{"embeddable":true,"href":"https:\/\/espacolivresergipe.com.br\/index.php\/wp-json\/wp\/v2\/media\/6351"}],"wp:attachment":[{"href":"https:\/\/espacolivresergipe.com.br\/index.php\/wp-json\/wp\/v2\/media?parent=6350"}],"wp:term":[{"taxonomy":"category","embeddable":true,"href":"https:\/\/espacolivresergipe.com.br\/index.php\/wp-json\/wp\/v2\/categories?post=6350"},{"taxonomy":"post_tag","embeddable":true,"href":"https:\/\/espacolivresergipe.com.br\/index.php\/wp-json\/wp\/v2\/tags?post=6350"}],"curies":[{"name":"wp","href":"https:\/\/api.w.org\/{rel}","templated":true}]}}