{"id":6356,"date":"2025-05-06T10:49:09","date_gmt":"2025-05-06T13:49:09","guid":{"rendered":"https:\/\/espacolivresergipe.com.br\/?p=6356"},"modified":"2025-05-06T10:49:10","modified_gmt":"2025-05-06T13:49:10","slug":"major-amanda-da-pm-se-fala-sobre-atuacao-do-proerd-no-estado-de-sergipe","status":"publish","type":"post","link":"https:\/\/espacolivresergipe.com.br\/index.php\/2025\/05\/06\/major-amanda-da-pm-se-fala-sobre-atuacao-do-proerd-no-estado-de-sergipe\/","title":{"rendered":"Major Amanda, da PM\/SE, fala sobre atua\u00e7\u00e3o do Proerd no estado de Sergipe"},"content":{"rendered":"\n<p>A Major da PM\/SE, Amanda, Coordenadora Estadual do Proerd foi a convidada para o epis\u00f3dio do Podcast Podmaisvezes com Heliomarto Rezende.<\/p>\n\n\n\n<p>A Major Amanda \u00e9 formada em pedagogia pela Universo Federal de Sergipe e &nbsp;na academia da Pol\u00edcia Militar da Bahia.<\/p>\n\n\n\n<p>A Major est\u00e1 a frente da coordenadoria h\u00e1 &nbsp;2 anos tem 15 militares a disposi\u00e7\u00e3o para atuarem em todo estado dando palestra a alunos e pais levando palavras de cuidados para evitar entrar na vida das drogas.<\/p>\n\n\n\n<p>Ela tem recebido muitos of\u00edcios para que o Proerd possa estar nas escolas, mas diante dos estudos realizados pela equipe do Proerd a dire\u00e7\u00e3o sempre \u00e9 prevenir as crian\u00e7as a entrar na criminalidade e concientizar os pais tamb\u00e9m.<\/p>\n\n\n\n<p>A major disse que \u201cestamos com o semestre todo nas nossas agendas das escolas para atender e o 2\u00ba semestre e tamb\u00e9m estamos j\u00e1 em reuni\u00e3o junto com a secret\u00e1ria de educa\u00e7\u00e3o e Diretoria Regional para fechar a agenda\u201d.<\/p>\n\n\n\n<p>Ela concluiu dizendo que \u201ctenho desempenhado minha fun\u00e7\u00e3o junto com minha equipe para que possamos dar a alegria que tanto eles nos d\u00e3o. Estamos tendo o apoio do comando geral do Coronel Ribeiro que tem dado toda liberdade de a\u00e7\u00e3o a equipe do Proerd e isso \u00e9 bom porque agente se sente agraciado pela confian\u00e7a que o nosso comandante tem dado a todos do PROER\u201d.<\/p>\n\n\n\n<p>Foto assessoria<\/p>\n","protected":false},"excerpt":{"rendered":"<p>A Major da PM\/SE, Amanda, Coordenadora Estadual do Proerd foi a convidada para o epis\u00f3dio do Podcast Podmaisvezes com Heliomarto Rezende. A Major Amanda \u00e9 formada em pedagogia pela Universo Federal de Sergipe e &nbsp;na academia da Pol\u00edcia Militar da Bahia. A Major est\u00e1 a frente da coordenadoria h\u00e1 &nbsp;2 anos tem 15 militares a [&hellip;]<\/p>\n","protected":false},"author":2,"featured_media":6357,"comment_status":"open","ping_status":"open","sticky":false,"template":"","format":"standard","meta":{"footnotes":""},"categories":[12,3],"tags":[],"class_list":["post-6356","post","type-post","status-publish","format-standard","has-post-thumbnail","hentry","category-agora","category-policia"],"_links":{"self":[{"href":"https:\/\/espacolivresergipe.com.br\/index.php\/wp-json\/wp\/v2\/posts\/6356","targetHints":{"allow":["GET"]}}],"collection":[{"href":"https:\/\/espacolivresergipe.com.br\/index.php\/wp-json\/wp\/v2\/posts"}],"about":[{"href":"https:\/\/espacolivresergipe.com.br\/index.php\/wp-json\/wp\/v2\/types\/post"}],"author":[{"embeddable":true,"href":"https:\/\/espacolivresergipe.com.br\/index.php\/wp-json\/wp\/v2\/users\/2"}],"replies":[{"embeddable":true,"href":"https:\/\/espacolivresergipe.com.br\/index.php\/wp-json\/wp\/v2\/comments?post=6356"}],"version-history":[{"count":1,"href":"https:\/\/espacolivresergipe.com.br\/index.php\/wp-json\/wp\/v2\/posts\/6356\/revisions"}],"predecessor-version":[{"id":6358,"href":"https:\/\/espacolivresergipe.com.br\/index.php\/wp-json\/wp\/v2\/posts\/6356\/revisions\/6358"}],"wp:featuredmedia":[{"embeddable":true,"href":"https:\/\/espacolivresergipe.com.br\/index.php\/wp-json\/wp\/v2\/media\/6357"}],"wp:attachment":[{"href":"https:\/\/espacolivresergipe.com.br\/index.php\/wp-json\/wp\/v2\/media?parent=6356"}],"wp:term":[{"taxonomy":"category","embeddable":true,"href":"https:\/\/espacolivresergipe.com.br\/index.php\/wp-json\/wp\/v2\/categories?post=6356"},{"taxonomy":"post_tag","embeddable":true,"href":"https:\/\/espacolivresergipe.com.br\/index.php\/wp-json\/wp\/v2\/tags?post=6356"}],"curies":[{"name":"wp","href":"https:\/\/api.w.org\/{rel}","templated":true}]}}