{"id":6362,"date":"2025-05-06T11:46:37","date_gmt":"2025-05-06T14:46:37","guid":{"rendered":"https:\/\/espacolivresergipe.com.br\/?p=6362"},"modified":"2025-05-06T11:46:38","modified_gmt":"2025-05-06T14:46:38","slug":"nos-estados-unidos-jeferson-participa-de-reunioes-sobre-o-setor-de-petroleo-e-gas","status":"publish","type":"post","link":"https:\/\/espacolivresergipe.com.br\/index.php\/2025\/05\/06\/nos-estados-unidos-jeferson-participa-de-reunioes-sobre-o-setor-de-petroleo-e-gas\/","title":{"rendered":"Nos Estados Unidos, Jeferson participa de reuni\u00f5es sobre o setor de petr\u00f3leo e g\u00e1s"},"content":{"rendered":"\n<p>Nesses primeiros dias do mais importante evento do mundo sobre petr\u00f3leo e g\u00e1s \u2013 come\u00e7ou na segunda-feira (5) e termina na quinta-feira (8) \u2013 , o presidente da Assembleia Legislativa de Sergipe, deputado Jeferson Andrade, tem participado de palestras com especialistas, reuni\u00f5es sobre projetos para Sergipe e exposi\u00e7\u00e3o com o que h\u00e1 de mais inovador no segmento de energia offshore a n\u00edvel global, no Parque NRG de Houston, no Texas, nos Estados Unidos.<\/p>\n\n\n<div class=\"wp-block-image\">\n<figure class=\"alignright\"><a href=\"https:\/\/al.se.leg.br\/wp-content\/uploads\/2025\/05\/Imagem-do-WhatsApp-de-2025-05-06-as-07.58.17_fd41b77f.jpg\"><img decoding=\"async\" src=\"https:\/\/al.se.leg.br\/wp-content\/uploads\/2025\/05\/Imagem-do-WhatsApp-de-2025-05-06-as-07.58.17_fd41b77f-300x225.jpg\" alt=\"\" class=\"wp-image-166028\"\/><\/a><\/figure><\/div>\n\n\n<p>Jeferson Andrade participou da abertura da confer\u00eancia, visitou o Pavilh\u00e3o Brasileiro e teve reuni\u00f5es com a presidente da Petrobr\u00e1s, Magda Chambriard, e com diretores da Ag\u00eancia Nacional de Petr\u00f3leo (ANP), Instituto Brasileiro de Petr\u00f3leo e G\u00e1s (IBP) e Ag\u00eancia Brasileira de Exporta\u00e7\u00e3o e Atra\u00e7\u00e3o de Investimentos (ApexBrasil). Em pauta, a licita\u00e7\u00e3o para os navios-plataformas do projeto Sergipe \u00c1guas Profundas (Seap), retomada da produ\u00e7\u00e3o do Polo Sergipe \u00c1guas Rasas e parcerias para programas de qualifica\u00e7\u00e3o de m\u00e3o de obra no setor de petr\u00f3leo e g\u00e1s.<\/p>\n\n\n\n<p><strong>Cen\u00e1rio para o futuro<\/strong><\/p>\n\n\n\n<p>A Offshore Technology Conference (OTC), que discute os avan\u00e7os e desafios do setor, \u00e9 uma grandeza em n\u00fameros e ideias para o cen\u00e1rio futuro do setor. S\u00e3o mais de 30 mil profissionais de energia, 53 sess\u00f5es t\u00e9cnicas, 450 apresenta\u00e7\u00f5es t\u00e9cnicas e 1.300 expositores em a\u00e7\u00e3o nos quatro dias do evento.<\/p>\n\n\n\n<p>O Pavilh\u00e3o Brasileiro est\u00e1 presente na maior feira mundial do segmento offshore com 31 empresas nacionais, apresentando suas novidades e lan\u00e7amentos. A Petrobr\u00e1s, uma das maiores empresas do mundo no ramo, mostra no evento o forte programa em andamento para explorar novas fronteiras de petr\u00f3leo e g\u00e1s e substituir as reservas existentes, com foco na descarboniza\u00e7\u00e3o das opera\u00e7\u00f5es.<\/p>\n\n\n\n<p><strong>Potencial de Sergipe<\/strong><\/p>\n\n\n\n<p>Sergipe \u00e9 considerado como a nova fronteira de petr\u00f3leo e g\u00e1s do Brasil. O programa de investimentos da Petrobr\u00e1s prev\u00ea a contrata\u00e7\u00e3o de dois navios-plataformas para extrair do mar, at\u00e9 2030, 240 mil barris de petr\u00f3leo e 18 milh\u00f5es de metros c\u00fabicos de g\u00e1s por dia, a 100 quil\u00f4metros da costa sergipana e a uma profundidade de at\u00e9 tr\u00eas mil metros.<\/p>\n\n\n\n<p>Denominado Sergipe \u00c1guas Profundas (Seap), o projeto tamb\u00e9m prev\u00ea a implanta\u00e7\u00e3o de um gasoduto com 128 quil\u00f4metros de extens\u00e3o. \u2013 100 quil\u00f4metros no mar e 28 quil\u00f4metros em terra \u2013 para escoar a produ\u00e7\u00e3o. Os investimentos na primeira fase do projeto somam US$ 5 bilh\u00f5es.<\/p>\n\n\n\n<p>Jeferson Andrade integra a comitiva oficial do Governo de Sergipe na confer\u00eancia de Houston, liderada pelo governador F\u00e1bio Mitidieri. \u201cSergipe est\u00e1 no caminho certo, em busca de investimentos para desenvolver a cadeia produtiva de petr\u00f3leo e g\u00e1s, fortalecendo a economia e abrindo novas oportunidades de emprego e renda para os sergipanos\u201d, afirma o presidente da Assembleia Legislativa.<\/p>\n\n\n\n<p>Por Eduardo Almeida<\/p>\n","protected":false},"excerpt":{"rendered":"<p>Nesses primeiros dias do mais importante evento do mundo sobre petr\u00f3leo e g\u00e1s \u2013 come\u00e7ou na segunda-feira (5) e termina na quinta-feira (8) \u2013 , o presidente da Assembleia Legislativa de Sergipe, deputado Jeferson Andrade, tem participado de palestras com especialistas, reuni\u00f5es sobre projetos para Sergipe e exposi\u00e7\u00e3o com o que h\u00e1 de mais inovador [&hellip;]<\/p>\n","protected":false},"author":2,"featured_media":6363,"comment_status":"open","ping_status":"open","sticky":false,"template":"","format":"standard","meta":{"footnotes":""},"categories":[11,6,2],"tags":[],"class_list":["post-6362","post","type-post","status-publish","format-standard","has-post-thumbnail","hentry","category-destaque","category-letreiro","category-politica"],"_links":{"self":[{"href":"https:\/\/espacolivresergipe.com.br\/index.php\/wp-json\/wp\/v2\/posts\/6362","targetHints":{"allow":["GET"]}}],"collection":[{"href":"https:\/\/espacolivresergipe.com.br\/index.php\/wp-json\/wp\/v2\/posts"}],"about":[{"href":"https:\/\/espacolivresergipe.com.br\/index.php\/wp-json\/wp\/v2\/types\/post"}],"author":[{"embeddable":true,"href":"https:\/\/espacolivresergipe.com.br\/index.php\/wp-json\/wp\/v2\/users\/2"}],"replies":[{"embeddable":true,"href":"https:\/\/espacolivresergipe.com.br\/index.php\/wp-json\/wp\/v2\/comments?post=6362"}],"version-history":[{"count":1,"href":"https:\/\/espacolivresergipe.com.br\/index.php\/wp-json\/wp\/v2\/posts\/6362\/revisions"}],"predecessor-version":[{"id":6364,"href":"https:\/\/espacolivresergipe.com.br\/index.php\/wp-json\/wp\/v2\/posts\/6362\/revisions\/6364"}],"wp:featuredmedia":[{"embeddable":true,"href":"https:\/\/espacolivresergipe.com.br\/index.php\/wp-json\/wp\/v2\/media\/6363"}],"wp:attachment":[{"href":"https:\/\/espacolivresergipe.com.br\/index.php\/wp-json\/wp\/v2\/media?parent=6362"}],"wp:term":[{"taxonomy":"category","embeddable":true,"href":"https:\/\/espacolivresergipe.com.br\/index.php\/wp-json\/wp\/v2\/categories?post=6362"},{"taxonomy":"post_tag","embeddable":true,"href":"https:\/\/espacolivresergipe.com.br\/index.php\/wp-json\/wp\/v2\/tags?post=6362"}],"curies":[{"name":"wp","href":"https:\/\/api.w.org\/{rel}","templated":true}]}}