{"id":6365,"date":"2025-05-06T11:58:47","date_gmt":"2025-05-06T14:58:47","guid":{"rendered":"https:\/\/espacolivresergipe.com.br\/?p=6365"},"modified":"2025-05-06T11:58:48","modified_gmt":"2025-05-06T14:58:48","slug":"sebrae-e-prefeitura-de-estancia-reinauguram-sala-do-empreendedor-em-nova-sede","status":"publish","type":"post","link":"https:\/\/espacolivresergipe.com.br\/index.php\/2025\/05\/06\/sebrae-e-prefeitura-de-estancia-reinauguram-sala-do-empreendedor-em-nova-sede\/","title":{"rendered":"Sebrae e prefeitura de Est\u00e2ncia reinauguram Sala do Empreendedor em nova sede"},"content":{"rendered":"\n<p>O Sebrae e a prefeitura de Est\u00e2ncia reinauguraram, na \u00faltima segunda-feira, 5, a Sala do Empreendedor do munic\u00edpio, que passa a funcionar em nova sede, com estrutura mais moderna e preparada para oferecer atendimento qualificado aos micro e pequenos empreendedores locais. O espa\u00e7o foi nomeado Sala do Empreendedor \u201cJo\u00e3o Alves do Nascimento\u201d, em homenagem a um grande empreendedor da regi\u00e3o, conhecido como \u201cJo\u00e3o da Miudeza\u201d que, por onde passava, gerava emprego e renda, deixando um legado de desenvolvimento para a cidade.<\/p>\n\n\n\n<p>A superintendente do Sebrae\/SE, Priscila Felizola, refor\u00e7ou a relev\u00e2ncia da nova sede para os empreendedores estancianos. \u201cEm Est\u00e2ncia s\u00e3o mais de 4 mil empreendimentos fortalecendo o desenvolvimento da economia de toda a regi\u00e3o. Esse \u00e9 o caminho que vamos seguir com os nossos parceiros: crescendo, avan\u00e7ando e motivando a popula\u00e7\u00e3o para que juntos a gente fa\u00e7a um Sergipe cada vez melhor\u201d, afirmou.&nbsp;<\/p>\n\n\n\n<p>A reinaugura\u00e7\u00e3o \u00e9 fruto da parceria entre o Sebrae e a gest\u00e3o municipal, que compartilham o compromisso de fortalecer o ambiente de neg\u00f3cios e fomentar o empreendedorismo como ferramenta de desenvolvimento local. A nova sede permitir\u00e1 ampliar os servi\u00e7os oferecidos, como formaliza\u00e7\u00e3o de MEIs, orienta\u00e7\u00f5es empresariais, capacita\u00e7\u00f5es e acesso a cr\u00e9dito, com mais conforto e efici\u00eancia.<\/p>\n\n\n\n<p>Durante a solenidade, o diretor t\u00e9cnico do Sebrae\/SE, Brenno Barreto, destacou a import\u00e2ncia da a\u00e7\u00e3o conjunta para impulsionar a economia da regi\u00e3o. \u201cA Sala do Empreendedor de Est\u00e2ncia \u00e9 resultado de uma parceria estrat\u00e9gica com a prefeitura, que tem como objetivo aproximar ainda mais os servi\u00e7os do Sebrae dos empreendedores sergipanos\u201d, ressaltou Brenno.<\/p>\n\n\n\n<p>O prefeito de Est\u00e2ncia, Andr\u00e9 Gra\u00e7a, destacou o papel da Sala do Empreendedor como instrumento de fortalecimento da economia local e agradeceu ao Sebrae pela parceria. \u201cEssa reinaugura\u00e7\u00e3o representa nosso compromisso com o desenvolvimento de Est\u00e2ncia. Junto ao Sebrae, estamos investindo em estrutura e capacita\u00e7\u00e3o para apoiar quem empreende e gera oportunidades em nossa cidade. A homenagem a Jo\u00e3o Alves do Nascimento tamb\u00e9m reconhece a dedica\u00e7\u00e3o de quem contribuiu para o crescimento do munic\u00edpio\u201d, expressou Andr\u00e9.<\/p>\n\n\n\n<p>A Sala do Empreendedor \u201cJo\u00e3o Alves do Nascimento\u201d passa a funcionar em novo endere\u00e7o, com atendimento ao p\u00fablico de segunda a sexta-feira, oferecendo suporte t\u00e9cnico, orienta\u00e7\u00e3o e incentivo \u00e0 formaliza\u00e7\u00e3o e \u00e0 gest\u00e3o de pequenos neg\u00f3cios.<\/p>\n\n\n\n<p>Texto e foto Jaynne Pereira<\/p>\n","protected":false},"excerpt":{"rendered":"<p>O Sebrae e a prefeitura de Est\u00e2ncia reinauguraram, na \u00faltima segunda-feira, 5, a Sala do Empreendedor do munic\u00edpio, que passa a funcionar em nova sede, com estrutura mais moderna e preparada para oferecer atendimento qualificado aos micro e pequenos empreendedores locais. O espa\u00e7o foi nomeado Sala do Empreendedor \u201cJo\u00e3o Alves do Nascimento\u201d, em homenagem a [&hellip;]<\/p>\n","protected":false},"author":2,"featured_media":6366,"comment_status":"open","ping_status":"open","sticky":false,"template":"","format":"standard","meta":{"footnotes":""},"categories":[12,4,6],"tags":[],"class_list":["post-6365","post","type-post","status-publish","format-standard","has-post-thumbnail","hentry","category-agora","category-economia","category-letreiro"],"_links":{"self":[{"href":"https:\/\/espacolivresergipe.com.br\/index.php\/wp-json\/wp\/v2\/posts\/6365","targetHints":{"allow":["GET"]}}],"collection":[{"href":"https:\/\/espacolivresergipe.com.br\/index.php\/wp-json\/wp\/v2\/posts"}],"about":[{"href":"https:\/\/espacolivresergipe.com.br\/index.php\/wp-json\/wp\/v2\/types\/post"}],"author":[{"embeddable":true,"href":"https:\/\/espacolivresergipe.com.br\/index.php\/wp-json\/wp\/v2\/users\/2"}],"replies":[{"embeddable":true,"href":"https:\/\/espacolivresergipe.com.br\/index.php\/wp-json\/wp\/v2\/comments?post=6365"}],"version-history":[{"count":1,"href":"https:\/\/espacolivresergipe.com.br\/index.php\/wp-json\/wp\/v2\/posts\/6365\/revisions"}],"predecessor-version":[{"id":6367,"href":"https:\/\/espacolivresergipe.com.br\/index.php\/wp-json\/wp\/v2\/posts\/6365\/revisions\/6367"}],"wp:featuredmedia":[{"embeddable":true,"href":"https:\/\/espacolivresergipe.com.br\/index.php\/wp-json\/wp\/v2\/media\/6366"}],"wp:attachment":[{"href":"https:\/\/espacolivresergipe.com.br\/index.php\/wp-json\/wp\/v2\/media?parent=6365"}],"wp:term":[{"taxonomy":"category","embeddable":true,"href":"https:\/\/espacolivresergipe.com.br\/index.php\/wp-json\/wp\/v2\/categories?post=6365"},{"taxonomy":"post_tag","embeddable":true,"href":"https:\/\/espacolivresergipe.com.br\/index.php\/wp-json\/wp\/v2\/tags?post=6365"}],"curies":[{"name":"wp","href":"https:\/\/api.w.org\/{rel}","templated":true}]}}