{"id":6368,"date":"2025-05-06T12:14:59","date_gmt":"2025-05-06T15:14:59","guid":{"rendered":"https:\/\/espacolivresergipe.com.br\/?p=6368"},"modified":"2025-05-06T12:15:00","modified_gmt":"2025-05-06T15:15:00","slug":"abertas-inscricoes-para-as-emendas-do-senador-alessandro-com-foco-em-saude-educacao-e-agricultura-familiar","status":"publish","type":"post","link":"https:\/\/espacolivresergipe.com.br\/index.php\/2025\/05\/06\/abertas-inscricoes-para-as-emendas-do-senador-alessandro-com-foco-em-saude-educacao-e-agricultura-familiar\/","title":{"rendered":"Abertas inscri\u00e7\u00f5es para as emendas do senador Alessandro, com foco em sa\u00fade, educa\u00e7\u00e3o e agricultura familiar"},"content":{"rendered":"\n<p>O senador Alessandro Vieira (MDB\/SE) lan\u00e7ou a segunda etapa do Edital de Emendas Participativas, iniciativa que permite \u00e0 popula\u00e7\u00e3o sergipana indicar como devem ser aplicados os recursos de emendas parlamentares no estado. Nesta fase, as \u00e1reas contempladas s\u00e3o: sa\u00fade, educa\u00e7\u00e3o e agricultura familiar. As inscri\u00e7\u00f5es podem ser feitas at\u00e9 19 de maio de 2025, pelo site emendasparticipativas.com.br<\/p>\n\n\n\n<p>A iniciativa \u00e9 considerada inovadora por transformar um instrumento tradicional do Congresso \u2014 o envio de emendas \u2014 em um processo aberto, com participa\u00e7\u00e3o popular e transpar\u00eancia. &#8220;As pessoas querem saber para onde vai o dinheiro e querem ter voz na hora de decidir. Esse \u00e9 um compromisso com uma pol\u00edtica p\u00fablica mais respons\u00e1vel e democr\u00e1tica. Nosso mandato existe para ouvir, servir e transformar boas ideias em a\u00e7\u00f5es. As emendas participativas s\u00e3o uma forma de devolver \u00e0 popula\u00e7\u00e3o o protagonismo que lhe pertence&#8221;, afirmou o senador.<\/p>\n\n\n\n<p>O edital prev\u00ea tr\u00eas etapas: inscri\u00e7\u00e3o dos projetos, an\u00e1lise t\u00e9cnica e vota\u00e7\u00e3o popular. Os sergipanos poder\u00e3o votar nos projetos finalistas entre 4 e 13 de junho, e o resultado ser\u00e1 divulgado em 27 de junho. Todos os projetos selecionados ter\u00e3o que prestar contas publicamente, com divulga\u00e7\u00e3o online dos valores recebidos e como os recursos foram aplicados, conforme exige a legisla\u00e7\u00e3o.<\/p>\n\n\n\n<p>Sa\u00fade: Apoio a hospitais filantr\u00f3picos<\/p>\n\n\n\n<p>O edital voltado \u00e0 sa\u00fade vai destinar recursos entre R$ 200 mil e R$ 500 mil para at\u00e9 oito hospitais filantr\u00f3picos que atendem pelo SUS em Sergipe. As propostas devem visar a compra de equipamentos e materiais permanentes. &#8220;Esses hospitais s\u00e3o fundamentais para o atendimento \u00e0 popula\u00e7\u00e3o mais vulner\u00e1vel. Precisam de apoio para modernizar seus servi\u00e7os&#8221;, disse Alessandro.<\/p>\n\n\n\n<p>Educa\u00e7\u00e3o: Projetos na UFS e no IFS<\/p>\n\n\n\n<p>Na \u00e1rea da educa\u00e7\u00e3o, o edital \u00e9 exclusivo para professores e departamentos da UFS e do IFS. Ser\u00e3o selecionados at\u00e9 10 projetos, com valores entre R$ 50 mil e R$ 100 mil, voltados para melhorias na infraestrutura educacional ou iniciativas acad\u00eamicas. &#8220;Investir em educa\u00e7\u00e3o \u00e9 garantir que Sergipe forme profissionais mais preparados e pesquisadores com melhores condi\u00e7\u00f5es de trabalho&#8221;, destacou o senador.<\/p>\n\n\n\n<p>Agricultura Familiar: Apoio a pequenos produtores<\/p>\n\n\n\n<p>O terceiro edital vai apoiar at\u00e9 seis projetos de associa\u00e7\u00f5es e cooperativas da agricultura familiar em Sergipe. Os recursos, que variam entre R$ 200 mil e R$ 300 mil, ser\u00e3o usados na compra de m\u00e1quinas, equipamentos e implementos agr\u00edcolas. &#8220;A agricultura familiar \u00e9 essencial para a seguran\u00e7a alimentar do pa\u00eds. Dar suporte aos pequenos produtores \u00e9 investir em dignidade e gera\u00e7\u00e3o de renda no campo&#8221;, afirmou Alessandro Vieira.<\/p>\n\n\n\n<p>Por Laisa Bomfim \u2013 foto assessoria<\/p>\n","protected":false},"excerpt":{"rendered":"<p>O senador Alessandro Vieira (MDB\/SE) lan\u00e7ou a segunda etapa do Edital de Emendas Participativas, iniciativa que permite \u00e0 popula\u00e7\u00e3o sergipana indicar como devem ser aplicados os recursos de emendas parlamentares no estado. Nesta fase, as \u00e1reas contempladas s\u00e3o: sa\u00fade, educa\u00e7\u00e3o e agricultura familiar. As inscri\u00e7\u00f5es podem ser feitas at\u00e9 19 de maio de 2025, pelo [&hellip;]<\/p>\n","protected":false},"author":2,"featured_media":6369,"comment_status":"open","ping_status":"open","sticky":false,"template":"","format":"standard","meta":{"footnotes":""},"categories":[11,6,2],"tags":[],"class_list":["post-6368","post","type-post","status-publish","format-standard","has-post-thumbnail","hentry","category-destaque","category-letreiro","category-politica"],"_links":{"self":[{"href":"https:\/\/espacolivresergipe.com.br\/index.php\/wp-json\/wp\/v2\/posts\/6368","targetHints":{"allow":["GET"]}}],"collection":[{"href":"https:\/\/espacolivresergipe.com.br\/index.php\/wp-json\/wp\/v2\/posts"}],"about":[{"href":"https:\/\/espacolivresergipe.com.br\/index.php\/wp-json\/wp\/v2\/types\/post"}],"author":[{"embeddable":true,"href":"https:\/\/espacolivresergipe.com.br\/index.php\/wp-json\/wp\/v2\/users\/2"}],"replies":[{"embeddable":true,"href":"https:\/\/espacolivresergipe.com.br\/index.php\/wp-json\/wp\/v2\/comments?post=6368"}],"version-history":[{"count":1,"href":"https:\/\/espacolivresergipe.com.br\/index.php\/wp-json\/wp\/v2\/posts\/6368\/revisions"}],"predecessor-version":[{"id":6370,"href":"https:\/\/espacolivresergipe.com.br\/index.php\/wp-json\/wp\/v2\/posts\/6368\/revisions\/6370"}],"wp:featuredmedia":[{"embeddable":true,"href":"https:\/\/espacolivresergipe.com.br\/index.php\/wp-json\/wp\/v2\/media\/6369"}],"wp:attachment":[{"href":"https:\/\/espacolivresergipe.com.br\/index.php\/wp-json\/wp\/v2\/media?parent=6368"}],"wp:term":[{"taxonomy":"category","embeddable":true,"href":"https:\/\/espacolivresergipe.com.br\/index.php\/wp-json\/wp\/v2\/categories?post=6368"},{"taxonomy":"post_tag","embeddable":true,"href":"https:\/\/espacolivresergipe.com.br\/index.php\/wp-json\/wp\/v2\/tags?post=6368"}],"curies":[{"name":"wp","href":"https:\/\/api.w.org\/{rel}","templated":true}]}}