{"id":6602,"date":"2025-05-07T16:10:16","date_gmt":"2025-05-07T19:10:16","guid":{"rendered":"https:\/\/espacolivresergipe.com.br\/?p=6602"},"modified":"2025-05-07T16:10:16","modified_gmt":"2025-05-07T19:10:16","slug":"cursos-da-fundat-garantem-capacitacao-emprego-e-renda-durante-os-festejos-juninos","status":"publish","type":"post","link":"https:\/\/espacolivresergipe.com.br\/index.php\/2025\/05\/07\/cursos-da-fundat-garantem-capacitacao-emprego-e-renda-durante-os-festejos-juninos\/","title":{"rendered":"Cursos da Fundat garantem capacita\u00e7\u00e3o, emprego e renda durante os Festejos Juninos"},"content":{"rendered":"\n<p>A prefeitura de Aracaju deu in\u00edcio \u00e0s comemora\u00e7\u00f5es juninas com o an\u00fancio de uma programa\u00e7\u00e3o diversificada, que inclui atra\u00e7\u00f5es culturais de destaque nacional e regional. Com o slogan \u201cO melhor forr\u00f3 do mundo \u00e9 aqui\u201d, a prefeita Em\u00edlia Corr\u00eaa anunciou que, neste ano, os festejos ser\u00e3o descentralizados, alcan\u00e7ando diversos bairros da capital, promovendo maiores oportunidades de gera\u00e7\u00e3o de renda local.<\/p>\n\n\n\n<p>Visando qualificar a popula\u00e7\u00e3o para o per\u00edodo que \u00e9 um dos maiores em gera\u00e7\u00e3o de renda no munic\u00edpio, a Funda\u00e7\u00e3o Municipal de Forma\u00e7\u00e3o para o Trabalho (Fundat) est\u00e1 promovendo uma s\u00e9rie de cursos e oficinas totalmente gratuitos para os aracajuanos. Cursos como Manipula\u00e7\u00e3o de Alimentos, Produ\u00e7\u00e3o de Doces e Salgados, T\u00e9cnicas B\u00e1sicas e Sobrancelhas, Camareira, dentre outros, est\u00e3o sendo oferecidos em diferentes Unidades de qualifica\u00e7\u00e3o Profissional (UQP) da Fundat em bairros de Aracaju.<\/p>\n\n\n\n<p>Para a prefeita Em\u00edlia Corr\u00eaa, as capacita\u00e7\u00f5es promovidas pela Funda\u00e7\u00e3o s\u00e3o essenciais para o per\u00edodo junino. \u201cA descentraliza\u00e7\u00e3o dos festejos juninos vai, com certeza, contemplar os bairros, movimentar a economia local, gerar renda e criar empregos tempor\u00e1rios. A Fundat vai potencializar isso. Quem sabe, a pessoa come\u00e7a em um emprego tempor\u00e1rio durante a festa e, dependendo da sua prepara\u00e7\u00e3o, acaba conquistando uma vaga definitiva\u201d, destacou a prefeita.<\/p>\n\n\n\n<p>Segundo a presidente Melissa Rollemberg, os cursos da Fundat est\u00e3o alinhados com as necessidades do mercado formal e com as oportunidades que surgem com eventos como o Forr\u00f3 Caju. \u201cOs nossos alunos t\u00eam oportunidade de garantir espa\u00e7o no mercado de trabalho ou mesmo empreender e garantir renda com toda a movimenta\u00e7\u00e3o da economia proporcionada com a programa\u00e7\u00e3o ampla e descentralizada, anunciada pela gest\u00e3o municipal\u201d, explica Melissa.<\/p>\n\n\n\n<p>Desde o in\u00edcio da atual gest\u00e3o, a Fundat est\u00e1 empenhada em promover qualifica\u00e7\u00e3o profissional e gera\u00e7\u00e3o de emprego e renda local. Somente no per\u00edodo de janeiro a abril, mais de 2.000 pessoas foram capacitadas por meio dos cursos oferecidos pela institui\u00e7\u00e3o. Com a chegada dos festejos juninos, as capacita\u00e7\u00f5es ganham ainda mais destaque e relev\u00e2ncia devido \u00e0 demanda empregat\u00edcia que o per\u00edodo proporciona para o munic\u00edpio.<\/p>\n\n\n\n<p>Foto: Karla Tavares\/Secom PMA<\/p>\n","protected":false},"excerpt":{"rendered":"<p>A prefeitura de Aracaju deu in\u00edcio \u00e0s comemora\u00e7\u00f5es juninas com o an\u00fancio de uma programa\u00e7\u00e3o diversificada, que inclui atra\u00e7\u00f5es culturais de destaque nacional e regional. Com o slogan \u201cO melhor forr\u00f3 do mundo \u00e9 aqui\u201d, a prefeita Em\u00edlia Corr\u00eaa anunciou que, neste ano, os festejos ser\u00e3o descentralizados, alcan\u00e7ando diversos bairros da capital, promovendo maiores oportunidades [&hellip;]<\/p>\n","protected":false},"author":2,"featured_media":6603,"comment_status":"open","ping_status":"open","sticky":false,"template":"","format":"standard","meta":{"footnotes":""},"categories":[13,10],"tags":[],"class_list":["post-6602","post","type-post","status-publish","format-standard","has-post-thumbnail","hentry","category-acontece","category-noticias"],"_links":{"self":[{"href":"https:\/\/espacolivresergipe.com.br\/index.php\/wp-json\/wp\/v2\/posts\/6602","targetHints":{"allow":["GET"]}}],"collection":[{"href":"https:\/\/espacolivresergipe.com.br\/index.php\/wp-json\/wp\/v2\/posts"}],"about":[{"href":"https:\/\/espacolivresergipe.com.br\/index.php\/wp-json\/wp\/v2\/types\/post"}],"author":[{"embeddable":true,"href":"https:\/\/espacolivresergipe.com.br\/index.php\/wp-json\/wp\/v2\/users\/2"}],"replies":[{"embeddable":true,"href":"https:\/\/espacolivresergipe.com.br\/index.php\/wp-json\/wp\/v2\/comments?post=6602"}],"version-history":[{"count":1,"href":"https:\/\/espacolivresergipe.com.br\/index.php\/wp-json\/wp\/v2\/posts\/6602\/revisions"}],"predecessor-version":[{"id":6604,"href":"https:\/\/espacolivresergipe.com.br\/index.php\/wp-json\/wp\/v2\/posts\/6602\/revisions\/6604"}],"wp:featuredmedia":[{"embeddable":true,"href":"https:\/\/espacolivresergipe.com.br\/index.php\/wp-json\/wp\/v2\/media\/6603"}],"wp:attachment":[{"href":"https:\/\/espacolivresergipe.com.br\/index.php\/wp-json\/wp\/v2\/media?parent=6602"}],"wp:term":[{"taxonomy":"category","embeddable":true,"href":"https:\/\/espacolivresergipe.com.br\/index.php\/wp-json\/wp\/v2\/categories?post=6602"},{"taxonomy":"post_tag","embeddable":true,"href":"https:\/\/espacolivresergipe.com.br\/index.php\/wp-json\/wp\/v2\/tags?post=6602"}],"curies":[{"name":"wp","href":"https:\/\/api.w.org\/{rel}","templated":true}]}}