{"id":6608,"date":"2025-05-07T16:26:15","date_gmt":"2025-05-07T19:26:15","guid":{"rendered":"https:\/\/espacolivresergipe.com.br\/?p=6608"},"modified":"2025-05-07T16:26:17","modified_gmt":"2025-05-07T19:26:17","slug":"senador-rogerio-e-eleito-relator-da-mp-que-cria-credito-consignado-para-trabalhadores-do-setor-privado","status":"publish","type":"post","link":"https:\/\/espacolivresergipe.com.br\/index.php\/2025\/05\/07\/senador-rogerio-e-eleito-relator-da-mp-que-cria-credito-consignado-para-trabalhadores-do-setor-privado\/","title":{"rendered":"Senador Rog\u00e9rio \u00e9 eleito relator da MP que cria cr\u00e9dito consignado para trabalhadores do setor privado"},"content":{"rendered":"\n<p>L\u00edder do PT no Senado Federal explicou que medida pode reduzir em at\u00e9 70% o custo do cr\u00e9dito para brasileiros endividados<\/p>\n\n\n\n<p>O senador Rog\u00e9rio Carvalho (PT\/SE), l\u00edder do Partido dos Trabalhadores no Senado Federal, foi eleito, nesta quarta-feira, 07, relator da Comiss\u00e3o Mista que analisar\u00e1 a Medida Provis\u00f3ria 1.292\/2025. A proposta do governo federal cria uma nova linha de cr\u00e9dito consignado para trabalhadores do setor privado com carteira assinada, permitindo que as opera\u00e7\u00f5es sejam realizadas por meio de sistemas e plataformas digitais.<\/p>\n\n\n\n<p>A MP integra o pacote de medidas do governo Lula para ampliar o acesso ao cr\u00e9dito a juros mais baixos, com foco nos trabalhadores formais do setor privado. Segundo Carvalho, a medida tem um potencial transformador para milh\u00f5es de brasileiros.<\/p>\n\n\n\n<p>\u201cN\u00e3o posso deixar de registrar a import\u00e2ncia dessa medida provis\u00f3ria para a popula\u00e7\u00e3o brasileira, que tem arcado com juros alt\u00edssimos\u201d, afirmou o parlamentar sergipano. \u201cAcredito que conseguiremos reduzir em aproximadamente 70% o custo do dinheiro para quem mais precisa de cr\u00e9dito e o busca em momentos de dificuldade\u201d, explicou.<\/p>\n\n\n\n<p>Cr\u00e9dito mais justo e educa\u00e7\u00e3o financeira<\/p>\n\n\n\n<p>Para Rog\u00e9rio Carvalho, a medida vem em um momento estrat\u00e9gico e exige um debate qualificado no Congresso Nacional. \u201cAcho que este \u00e9 um momento oportuno para tratarmos de temas como a quest\u00e3o do cr\u00e9dito para profissionais que est\u00e3o ocupados, que t\u00eam renda, mas que, muitas vezes, n\u00e3o conseguem acesso a cr\u00e9dito mais barato\u201d, declarou.<\/p>\n\n\n\n<p>O senador defendeu, tamb\u00e9m, que a concess\u00e3o de cr\u00e9dito seja acompanhada de pol\u00edticas de educa\u00e7\u00e3o financeira. \u201c\u00c9 fundamental estarmos atentos, pois esse cr\u00e9dito deve vir acompanhado de educa\u00e7\u00e3o financeira. Precisamos trabalhar essa quest\u00e3o para que essa iniciativa se torne uma solu\u00e7\u00e3o para problemas acumulados ao longo dos anos \u2014 d\u00edvidas, juros impag\u00e1veis, situa\u00e7\u00f5es que afetam a vida de milh\u00f5es de brasileiros\u201d, refor\u00e7ou,<\/p>\n\n\n\n<p>Durante a instala\u00e7\u00e3o da comiss\u00e3o, o l\u00edder do PT no Senado destacou, ainda, a import\u00e2ncia do trabalho coletivo na constru\u00e7\u00e3o de uma proposta s\u00f3lida. \u201cPara mim, \u00e9 uma honra, porque tamb\u00e9m fui deputado junto com os colegas. Quero agradecer ao presidente pela designa\u00e7\u00e3o e dizer que, na pr\u00f3xima reuni\u00e3o, apresentaremos o plano de trabalho\u201d, disse.<\/p>\n\n\n\n<p>\u201cO presidente Lula apresenta um caminho, junto com sua equipe econ\u00f4mica, e cabe a n\u00f3s, representantes dos estados e do povo brasileiro, aprimorar essa proposta. Devemos acolher as contribui\u00e7\u00f5es de diversos segmentos e aperfei\u00e7oar essa medida provis\u00f3ria\u201d, acrescentou.<\/p>\n\n\n\n<p>No entanto, ele ressaltou que o Congresso Nacional deve atuar para entregar ao pa\u00eds um modelo de cr\u00e9dito mais justo, acess\u00edvel e sustent\u00e1vel. \u201cEmbora seja uma iniciativa do governo, em uma democracia, cabe ao Parlamento o papel de melhorar, ajustar e entregar ao pa\u00eds algo melhor do que aquilo que foi inicialmente proposto \u2014 dando o primeiro passo rumo a uma nova regra para a viabiliza\u00e7\u00e3o de cr\u00e9dito a diversos segmentos da sociedade\u201d, concluiu.<\/p>\n\n\n\n<p>Fonte: Assessoria de Comunica\u00e7\u00e3o<\/p>\n\n\n\n<p>Foto: Daniel Gomes<\/p>\n","protected":false},"excerpt":{"rendered":"<p>L\u00edder do PT no Senado Federal explicou que medida pode reduzir em at\u00e9 70% o custo do cr\u00e9dito para brasileiros endividados O senador Rog\u00e9rio Carvalho (PT\/SE), l\u00edder do Partido dos Trabalhadores no Senado Federal, foi eleito, nesta quarta-feira, 07, relator da Comiss\u00e3o Mista que analisar\u00e1 a Medida Provis\u00f3ria 1.292\/2025. A proposta do governo federal cria [&hellip;]<\/p>\n","protected":false},"author":2,"featured_media":6609,"comment_status":"open","ping_status":"open","sticky":false,"template":"","format":"standard","meta":{"footnotes":""},"categories":[13,2],"tags":[],"class_list":["post-6608","post","type-post","status-publish","format-standard","has-post-thumbnail","hentry","category-acontece","category-politica"],"_links":{"self":[{"href":"https:\/\/espacolivresergipe.com.br\/index.php\/wp-json\/wp\/v2\/posts\/6608","targetHints":{"allow":["GET"]}}],"collection":[{"href":"https:\/\/espacolivresergipe.com.br\/index.php\/wp-json\/wp\/v2\/posts"}],"about":[{"href":"https:\/\/espacolivresergipe.com.br\/index.php\/wp-json\/wp\/v2\/types\/post"}],"author":[{"embeddable":true,"href":"https:\/\/espacolivresergipe.com.br\/index.php\/wp-json\/wp\/v2\/users\/2"}],"replies":[{"embeddable":true,"href":"https:\/\/espacolivresergipe.com.br\/index.php\/wp-json\/wp\/v2\/comments?post=6608"}],"version-history":[{"count":1,"href":"https:\/\/espacolivresergipe.com.br\/index.php\/wp-json\/wp\/v2\/posts\/6608\/revisions"}],"predecessor-version":[{"id":6610,"href":"https:\/\/espacolivresergipe.com.br\/index.php\/wp-json\/wp\/v2\/posts\/6608\/revisions\/6610"}],"wp:featuredmedia":[{"embeddable":true,"href":"https:\/\/espacolivresergipe.com.br\/index.php\/wp-json\/wp\/v2\/media\/6609"}],"wp:attachment":[{"href":"https:\/\/espacolivresergipe.com.br\/index.php\/wp-json\/wp\/v2\/media?parent=6608"}],"wp:term":[{"taxonomy":"category","embeddable":true,"href":"https:\/\/espacolivresergipe.com.br\/index.php\/wp-json\/wp\/v2\/categories?post=6608"},{"taxonomy":"post_tag","embeddable":true,"href":"https:\/\/espacolivresergipe.com.br\/index.php\/wp-json\/wp\/v2\/tags?post=6608"}],"curies":[{"name":"wp","href":"https:\/\/api.w.org\/{rel}","templated":true}]}}