{"id":6611,"date":"2025-05-07T16:31:04","date_gmt":"2025-05-07T19:31:04","guid":{"rendered":"https:\/\/espacolivresergipe.com.br\/?p=6611"},"modified":"2025-05-07T16:31:05","modified_gmt":"2025-05-07T19:31:05","slug":"ricardo-marques-comemora-forro-caju-nos-bairros-e-valorizacao-dos-artistas-sergipanos","status":"publish","type":"post","link":"https:\/\/espacolivresergipe.com.br\/index.php\/2025\/05\/07\/ricardo-marques-comemora-forro-caju-nos-bairros-e-valorizacao-dos-artistas-sergipanos\/","title":{"rendered":"Ricardo Marques comemora Forr\u00f3 Caju nos bairros e valoriza\u00e7\u00e3o dos artistas sergipanos"},"content":{"rendered":"\n<p>Ap\u00f3s muitas expectativas dos sergipanos e turistas, a Prefeitura de Aracaju lan\u00e7ou a programa\u00e7\u00e3o do Forr\u00f3 Caju 2025 nesta ter\u00e7a-feira, 6 de maio. Foi anunciada tamb\u00e9m a amplia\u00e7\u00e3o dos festejos juninos nos bairros da capital. Al\u00e9m da Pra\u00e7a dos Mercados Municipais, a festa vai ocorrer na Pra\u00e7a Fausto Cardoso, Augusto Franco, Bairros 17 de Mar\u00e7o, Am\u00e9rica e Lamar\u00e3o. O vice-prefeito, Ricardo Marques, comemorou a chegada do evento tradicional nos bairros e valoriza\u00e7\u00e3o dos artistas sergipanos.<\/p>\n\n\n\n<p>\u201cO Forr\u00f3 Caju cresceu e vai at\u00e9 o povo em diversas regi\u00f5es. Todos v\u00e3o ter acesso e v\u00e3o poder participar para manter a tradi\u00e7\u00e3o, fortalecer a nossa cultura e aplaudir os nossos artistas sergipanos e nacionais tamb\u00e9m. A festa ficou ainda mais cultural e democr\u00e1tica. O Forr\u00f3 Caju \u00e9 para toda a fam\u00edlia. O melhor S\u00e3o Jo\u00e3o do mundo \u00e9 em Aracaju\u201d, vibra Ricardo Marques.<\/p>\n\n\n\n<p>O Forr\u00f3 Caju 2025 ter\u00e1 quase 30 dias de celebra\u00e7\u00e3o. A programa\u00e7\u00e3o principal ocorre de 18 a 29 de junho, com os tradicionais shows na Pra\u00e7a Hilton Lopes, localizada entre os mercados, no Centro de Aracaju.<\/p>\n\n\n\n<p>A abertura da temporada acontece de 30 de maio a 1\u00ba de junho, com o Circuito Cultura Nordestina, que contar\u00e1 com apresenta\u00e7\u00f5es na Pra\u00e7a Fausto Cardoso, passando pelo Palco Rog\u00e9rio. Nos dias 4 e 5 de junho, ser\u00e1 a vez do conjunto Augusto Franco receber a festa, com atra\u00e7\u00f5es no Palco Clemilda. J\u00e1 no bairro Bugio, a programa\u00e7\u00e3o acontece de 6 a 8 de junho, com shows no Palco Josa. A festa se fortalece ainda mais com o Circuito de Bairros. Aos finais de semana, entre os dias 14 e 29 de junho, os bairros 17 de Mar\u00e7o, Am\u00e9rica e Lamar\u00e3o receber\u00e3o atra\u00e7\u00f5es que integram a agenda junina da capital.<\/p>\n\n\n\n<p>Outra novidade deste ano \u00e9 o Circuito Cidade Junina, que ser\u00e1 realizado por meio de parceria entre a Prefeitura de Aracaju e o Sistema Fecom\u00e9rcio\/Sesc, com o apoio do Minist\u00e9rio do Turismo. De 9 a 29 de junho, o circuito contar\u00e1 com apresenta\u00e7\u00f5es de bandas sergipanas, concurso de quadrilhas juninas, culin\u00e1ria t\u00edpica e uma cidade cenogr\u00e1fica montada especialmente para o evento. Al\u00e9m disso, o S\u00e3o Jo\u00e3o de Aracaju contar\u00e1 com o F\u00f3rum do Forr\u00f3 2025, espa\u00e7o de di\u00e1logo e reflex\u00e3o sobre a m\u00fasica nordestina, que vai reunir pesquisadores, m\u00fasicos, compositores e amantes do g\u00eanero para fortalecer esse patrim\u00f4nio cultural.<\/p>\n\n\n\n<p>Por Fredson Navarro<\/p>\n\n\n\n<p>Foto: Karla Tavares<\/p>\n","protected":false},"excerpt":{"rendered":"<p>Ap\u00f3s muitas expectativas dos sergipanos e turistas, a Prefeitura de Aracaju lan\u00e7ou a programa\u00e7\u00e3o do Forr\u00f3 Caju 2025 nesta ter\u00e7a-feira, 6 de maio. Foi anunciada tamb\u00e9m a amplia\u00e7\u00e3o dos festejos juninos nos bairros da capital. Al\u00e9m da Pra\u00e7a dos Mercados Municipais, a festa vai ocorrer na Pra\u00e7a Fausto Cardoso, Augusto Franco, Bairros 17 de Mar\u00e7o, [&hellip;]<\/p>\n","protected":false},"author":2,"featured_media":6612,"comment_status":"open","ping_status":"open","sticky":false,"template":"","format":"standard","meta":{"footnotes":""},"categories":[12,6,7],"tags":[],"class_list":["post-6611","post","type-post","status-publish","format-standard","has-post-thumbnail","hentry","category-agora","category-letreiro","category-sergipe"],"_links":{"self":[{"href":"https:\/\/espacolivresergipe.com.br\/index.php\/wp-json\/wp\/v2\/posts\/6611","targetHints":{"allow":["GET"]}}],"collection":[{"href":"https:\/\/espacolivresergipe.com.br\/index.php\/wp-json\/wp\/v2\/posts"}],"about":[{"href":"https:\/\/espacolivresergipe.com.br\/index.php\/wp-json\/wp\/v2\/types\/post"}],"author":[{"embeddable":true,"href":"https:\/\/espacolivresergipe.com.br\/index.php\/wp-json\/wp\/v2\/users\/2"}],"replies":[{"embeddable":true,"href":"https:\/\/espacolivresergipe.com.br\/index.php\/wp-json\/wp\/v2\/comments?post=6611"}],"version-history":[{"count":1,"href":"https:\/\/espacolivresergipe.com.br\/index.php\/wp-json\/wp\/v2\/posts\/6611\/revisions"}],"predecessor-version":[{"id":6613,"href":"https:\/\/espacolivresergipe.com.br\/index.php\/wp-json\/wp\/v2\/posts\/6611\/revisions\/6613"}],"wp:featuredmedia":[{"embeddable":true,"href":"https:\/\/espacolivresergipe.com.br\/index.php\/wp-json\/wp\/v2\/media\/6612"}],"wp:attachment":[{"href":"https:\/\/espacolivresergipe.com.br\/index.php\/wp-json\/wp\/v2\/media?parent=6611"}],"wp:term":[{"taxonomy":"category","embeddable":true,"href":"https:\/\/espacolivresergipe.com.br\/index.php\/wp-json\/wp\/v2\/categories?post=6611"},{"taxonomy":"post_tag","embeddable":true,"href":"https:\/\/espacolivresergipe.com.br\/index.php\/wp-json\/wp\/v2\/tags?post=6611"}],"curies":[{"name":"wp","href":"https:\/\/api.w.org\/{rel}","templated":true}]}}