{"id":6614,"date":"2025-05-07T16:43:34","date_gmt":"2025-05-07T19:43:34","guid":{"rendered":"https:\/\/espacolivresergipe.com.br\/?p=6614"},"modified":"2025-05-07T16:43:37","modified_gmt":"2025-05-07T19:43:37","slug":"policia-civil-prende-em-sao-cristovao-procurado-por-tentativa-de-homicidio-apos-15-anos-foragido","status":"publish","type":"post","link":"https:\/\/espacolivresergipe.com.br\/index.php\/2025\/05\/07\/policia-civil-prende-em-sao-cristovao-procurado-por-tentativa-de-homicidio-apos-15-anos-foragido\/","title":{"rendered":"Pol\u00edcia Civil prende, em S\u00e3o Crist\u00f3v\u00e3o, procurado por tentativa de homic\u00eddio ap\u00f3s 15 anos foragido"},"content":{"rendered":"\n<p>Nesta quarta-feira, 7, policiais do Centro de Opera\u00e7\u00f5es Policiais Especiais (Cope) e da Pol\u00edcia Interestadual (Polinter) cumpriram um mandado de pris\u00e3o preventiva contra um homem de 50 anos, suspeito de tentativa de homic\u00eddio. O investigado estava foragido da Justi\u00e7a h\u00e1 mais de 15 anos e foi capturado no munic\u00edpio de S\u00e3o Crist\u00f3v\u00e3o.<\/p>\n\n\n\n<p>A pris\u00e3o ocorreu em cumprimento a uma senten\u00e7a relacionada ao crime cometido em julho de 2003, quando Pedro disparou tr\u00eas tiros contra Marcelo de Jesus Bastos, em um bar no munic\u00edpio de Lagarto. A v\u00edtima foi atingida no ombro e no abd\u00f4men, mas sobreviveu ap\u00f3s ser socorrida e levada ao hospital. Segundo investiga\u00e7\u00f5es, os envolvidos estavam sob o efeito de drogas no momento do ataque.<\/p>\n\n\n\n<p>Hoje, al\u00e9m da acusa\u00e7\u00e3o de tentativa de homic\u00eddio, Pedro foi autuado em flagrante por porte ilegal de arma de fogo, ap\u00f3s a pol\u00edcia encontrar duas pistolas calibre .380 em sua posse durante a abordagem. Ele foi conduzido \u00e0 unidade policial e aguarda sua audi\u00eancia de cust\u00f3dia, de onde ficar\u00e1 \u00e0 disposi\u00e7\u00e3o da Justi\u00e7a.<\/p>\n\n\n\n<p>Fonte e foto SSP<\/p>\n","protected":false},"excerpt":{"rendered":"<p>Nesta quarta-feira, 7, policiais do Centro de Opera\u00e7\u00f5es Policiais Especiais (Cope) e da Pol\u00edcia Interestadual (Polinter) cumpriram um mandado de pris\u00e3o preventiva contra um homem de 50 anos, suspeito de tentativa de homic\u00eddio. O investigado estava foragido da Justi\u00e7a h\u00e1 mais de 15 anos e foi capturado no munic\u00edpio de S\u00e3o Crist\u00f3v\u00e3o. A pris\u00e3o ocorreu [&hellip;]<\/p>\n","protected":false},"author":2,"featured_media":6615,"comment_status":"open","ping_status":"open","sticky":false,"template":"","format":"standard","meta":{"footnotes":""},"categories":[11,3],"tags":[],"class_list":["post-6614","post","type-post","status-publish","format-standard","has-post-thumbnail","hentry","category-destaque","category-policia"],"_links":{"self":[{"href":"https:\/\/espacolivresergipe.com.br\/index.php\/wp-json\/wp\/v2\/posts\/6614","targetHints":{"allow":["GET"]}}],"collection":[{"href":"https:\/\/espacolivresergipe.com.br\/index.php\/wp-json\/wp\/v2\/posts"}],"about":[{"href":"https:\/\/espacolivresergipe.com.br\/index.php\/wp-json\/wp\/v2\/types\/post"}],"author":[{"embeddable":true,"href":"https:\/\/espacolivresergipe.com.br\/index.php\/wp-json\/wp\/v2\/users\/2"}],"replies":[{"embeddable":true,"href":"https:\/\/espacolivresergipe.com.br\/index.php\/wp-json\/wp\/v2\/comments?post=6614"}],"version-history":[{"count":1,"href":"https:\/\/espacolivresergipe.com.br\/index.php\/wp-json\/wp\/v2\/posts\/6614\/revisions"}],"predecessor-version":[{"id":6616,"href":"https:\/\/espacolivresergipe.com.br\/index.php\/wp-json\/wp\/v2\/posts\/6614\/revisions\/6616"}],"wp:featuredmedia":[{"embeddable":true,"href":"https:\/\/espacolivresergipe.com.br\/index.php\/wp-json\/wp\/v2\/media\/6615"}],"wp:attachment":[{"href":"https:\/\/espacolivresergipe.com.br\/index.php\/wp-json\/wp\/v2\/media?parent=6614"}],"wp:term":[{"taxonomy":"category","embeddable":true,"href":"https:\/\/espacolivresergipe.com.br\/index.php\/wp-json\/wp\/v2\/categories?post=6614"},{"taxonomy":"post_tag","embeddable":true,"href":"https:\/\/espacolivresergipe.com.br\/index.php\/wp-json\/wp\/v2\/tags?post=6614"}],"curies":[{"name":"wp","href":"https:\/\/api.w.org\/{rel}","templated":true}]}}