{"id":6617,"date":"2025-05-07T17:04:59","date_gmt":"2025-05-07T20:04:59","guid":{"rendered":"https:\/\/espacolivresergipe.com.br\/?p=6617"},"modified":"2025-05-07T17:06:17","modified_gmt":"2025-05-07T20:06:17","slug":"trecho-da-rodovia-que-liga-barra-a-santo-amaro-esta-em-meia-pista","status":"publish","type":"post","link":"https:\/\/espacolivresergipe.com.br\/index.php\/2025\/05\/07\/trecho-da-rodovia-que-liga-barra-a-santo-amaro-esta-em-meia-pista\/","title":{"rendered":"Trecho da rodovia que liga Barra a Santo Amaro est\u00e1 em meia pista"},"content":{"rendered":"\n<p><\/p>\n\n\n\n<p>O Departamento Estadual de Infraestrutura Rodovi\u00e1ria de Sergipe (DER\/SE) informou que na manh\u00e3 desta quarta-feira (07), que um trecho da rodovia SE-240 que liga os munic\u00edpios Barra dos Coqueiros e Santo Amaro das Brotas foi bloqueado e n\u00e3o h\u00e1 previs\u00e3o para o tr\u00e1fego de ve\u00edculos ser liberado na regi\u00e3o.<\/p>\n\n\n\n<p>O DER informou ainda que uma equipe t\u00e9cnica foi enviada ao local ap\u00f3s a constata\u00e7\u00e3o de uma eros\u00e3o na cabeceira da ponte e como medida preventiva, o trecho afetado foi sinalizado.<\/p>\n\n\n\n<p>Foto DER<\/p>\n","protected":false},"excerpt":{"rendered":"<p>O Departamento Estadual de Infraestrutura Rodovi\u00e1ria de Sergipe (DER\/SE) informou que na manh\u00e3 desta quarta-feira (07), que um trecho da rodovia SE-240 que liga os munic\u00edpios Barra dos Coqueiros e Santo Amaro das Brotas foi bloqueado e n\u00e3o h\u00e1 previs\u00e3o para o tr\u00e1fego de ve\u00edculos ser liberado na regi\u00e3o. O DER informou ainda que uma [&hellip;]<\/p>\n","protected":false},"author":2,"featured_media":6618,"comment_status":"open","ping_status":"open","sticky":false,"template":"","format":"standard","meta":{"footnotes":""},"categories":[13,7],"tags":[],"class_list":["post-6617","post","type-post","status-publish","format-standard","has-post-thumbnail","hentry","category-acontece","category-sergipe"],"_links":{"self":[{"href":"https:\/\/espacolivresergipe.com.br\/index.php\/wp-json\/wp\/v2\/posts\/6617","targetHints":{"allow":["GET"]}}],"collection":[{"href":"https:\/\/espacolivresergipe.com.br\/index.php\/wp-json\/wp\/v2\/posts"}],"about":[{"href":"https:\/\/espacolivresergipe.com.br\/index.php\/wp-json\/wp\/v2\/types\/post"}],"author":[{"embeddable":true,"href":"https:\/\/espacolivresergipe.com.br\/index.php\/wp-json\/wp\/v2\/users\/2"}],"replies":[{"embeddable":true,"href":"https:\/\/espacolivresergipe.com.br\/index.php\/wp-json\/wp\/v2\/comments?post=6617"}],"version-history":[{"count":3,"href":"https:\/\/espacolivresergipe.com.br\/index.php\/wp-json\/wp\/v2\/posts\/6617\/revisions"}],"predecessor-version":[{"id":6621,"href":"https:\/\/espacolivresergipe.com.br\/index.php\/wp-json\/wp\/v2\/posts\/6617\/revisions\/6621"}],"wp:featuredmedia":[{"embeddable":true,"href":"https:\/\/espacolivresergipe.com.br\/index.php\/wp-json\/wp\/v2\/media\/6618"}],"wp:attachment":[{"href":"https:\/\/espacolivresergipe.com.br\/index.php\/wp-json\/wp\/v2\/media?parent=6617"}],"wp:term":[{"taxonomy":"category","embeddable":true,"href":"https:\/\/espacolivresergipe.com.br\/index.php\/wp-json\/wp\/v2\/categories?post=6617"},{"taxonomy":"post_tag","embeddable":true,"href":"https:\/\/espacolivresergipe.com.br\/index.php\/wp-json\/wp\/v2\/tags?post=6617"}],"curies":[{"name":"wp","href":"https:\/\/api.w.org\/{rel}","templated":true}]}}