{"id":6622,"date":"2025-05-08T04:49:42","date_gmt":"2025-05-08T07:49:42","guid":{"rendered":"https:\/\/espacolivresergipe.com.br\/?p=6622"},"modified":"2025-05-08T04:49:43","modified_gmt":"2025-05-08T07:49:43","slug":"carro-sai-da-pista-atinge-poste-e-deixa-quatro-feridos-quando-seguia-no-sentido-riachuelo-divina-pastora","status":"publish","type":"post","link":"https:\/\/espacolivresergipe.com.br\/index.php\/2025\/05\/08\/carro-sai-da-pista-atinge-poste-e-deixa-quatro-feridos-quando-seguia-no-sentido-riachuelo-divina-pastora\/","title":{"rendered":"Carro sai da pista, atinge poste e deixa quatro feridos quando seguia no sentido Riachuelo\u2013Divina Pastora"},"content":{"rendered":"\n<p>O motorista de um carro &nbsp;de passeio perdeu o controle da dire\u00e7\u00e3o na tarde desta quarta-feira (07) na rodovia SE-160, no povoado Bomfim, em Divina Pastora, quando na altura da Fazenda S\u00e3o F\u00e9lix, saiu da pista e colidiu com um poste de energia, quando seguia no sentido Riachuelo\u2013Divina Pastora.<\/p>\n\n\n\n<p>As informa\u00e7\u00f5es passadas pelo Batalh\u00e3o de Pol\u00edcia Rodovi\u00e1ria Estadual (BPRv) o ve\u00edculo saiu da pista, percorreu cerca de 40 metros, bateu com contra um poste da Energisa, destruiu aproximadamente seis metros de cerca e s\u00f3 parou dentro da propriedade rural.<\/p>\n\n\n\n<p>Uma guarni\u00e7\u00e3o da Policia Militar foi acionada atrav\u00e9s do Ciosp e, ao chegar ao local, encontrou o motorista no ve\u00edculo. Ele foi socorrido por uma equipe do SAMU e encaminhado ao hospital. Os demais ocupantes tamb\u00e9m ficaram feridos e foram levados por familiares para unidades de sa\u00fade da regi\u00e3o antes da chegada da pol\u00edcia.<\/p>\n\n\n\n<p>Ainda segundo a BPRv, o ve\u00edculo estava com a documenta\u00e7\u00e3o em dia e foi liberado aos familiares do condutor mediante termo de entrega. Autos de infra\u00e7\u00e3o foram lavrados pela equipe policial, mas n\u00e3o houve necessidade de remo\u00e7\u00e3o do carro do local.<\/p>\n\n\n\n<p>Foto BPRv<\/p>\n","protected":false},"excerpt":{"rendered":"<p>O motorista de um carro &nbsp;de passeio perdeu o controle da dire\u00e7\u00e3o na tarde desta quarta-feira (07) na rodovia SE-160, no povoado Bomfim, em Divina Pastora, quando na altura da Fazenda S\u00e3o F\u00e9lix, saiu da pista e colidiu com um poste de energia, quando seguia no sentido Riachuelo\u2013Divina Pastora. As informa\u00e7\u00f5es passadas pelo Batalh\u00e3o de [&hellip;]<\/p>\n","protected":false},"author":2,"featured_media":6623,"comment_status":"open","ping_status":"open","sticky":false,"template":"","format":"standard","meta":{"footnotes":""},"categories":[11,6,7],"tags":[],"class_list":["post-6622","post","type-post","status-publish","format-standard","has-post-thumbnail","hentry","category-destaque","category-letreiro","category-sergipe"],"_links":{"self":[{"href":"https:\/\/espacolivresergipe.com.br\/index.php\/wp-json\/wp\/v2\/posts\/6622","targetHints":{"allow":["GET"]}}],"collection":[{"href":"https:\/\/espacolivresergipe.com.br\/index.php\/wp-json\/wp\/v2\/posts"}],"about":[{"href":"https:\/\/espacolivresergipe.com.br\/index.php\/wp-json\/wp\/v2\/types\/post"}],"author":[{"embeddable":true,"href":"https:\/\/espacolivresergipe.com.br\/index.php\/wp-json\/wp\/v2\/users\/2"}],"replies":[{"embeddable":true,"href":"https:\/\/espacolivresergipe.com.br\/index.php\/wp-json\/wp\/v2\/comments?post=6622"}],"version-history":[{"count":1,"href":"https:\/\/espacolivresergipe.com.br\/index.php\/wp-json\/wp\/v2\/posts\/6622\/revisions"}],"predecessor-version":[{"id":6624,"href":"https:\/\/espacolivresergipe.com.br\/index.php\/wp-json\/wp\/v2\/posts\/6622\/revisions\/6624"}],"wp:featuredmedia":[{"embeddable":true,"href":"https:\/\/espacolivresergipe.com.br\/index.php\/wp-json\/wp\/v2\/media\/6623"}],"wp:attachment":[{"href":"https:\/\/espacolivresergipe.com.br\/index.php\/wp-json\/wp\/v2\/media?parent=6622"}],"wp:term":[{"taxonomy":"category","embeddable":true,"href":"https:\/\/espacolivresergipe.com.br\/index.php\/wp-json\/wp\/v2\/categories?post=6622"},{"taxonomy":"post_tag","embeddable":true,"href":"https:\/\/espacolivresergipe.com.br\/index.php\/wp-json\/wp\/v2\/tags?post=6622"}],"curies":[{"name":"wp","href":"https:\/\/api.w.org\/{rel}","templated":true}]}}