{"id":6625,"date":"2025-05-08T05:02:43","date_gmt":"2025-05-08T08:02:43","guid":{"rendered":"https:\/\/espacolivresergipe.com.br\/?p=6625"},"modified":"2025-05-08T05:02:44","modified_gmt":"2025-05-08T08:02:44","slug":"defesa-civil-de-aracaju-interdita-53-imoveis-para-evitar-acidentes","status":"publish","type":"post","link":"https:\/\/espacolivresergipe.com.br\/index.php\/2025\/05\/08\/defesa-civil-de-aracaju-interdita-53-imoveis-para-evitar-acidentes\/","title":{"rendered":"Defesa Civil de Aracaju interdita 53 im\u00f3veis para evitar acidentes"},"content":{"rendered":"\n<p>Proteger a popula\u00e7\u00e3o de riscos iminentes \u00e0 vida, \u00e0 integridade f\u00edsica ou ao patrim\u00f4nio. \u00c9 com esse objetivo que a Prefeitura de Aracaju, por interm\u00e9dio da Defesa Civil de Aracaju, \u00f3rg\u00e3o vinculado \u00e0 Secretaria Municipal da Defesa Social e da Cidadana (Semdec), fez a interdi\u00e7\u00e3o de 53 im\u00f3veis este ano. A medida seguiu protocolos t\u00e9cnicos.<\/p>\n\n\n\n<p>A interdi\u00e7\u00e3o \u00e9 realizada devido a risco de colapso no im\u00f3vel, o que pode estar associado a problemas estruturais da edifica\u00e7\u00e3o ou a riscos externos, como no caso de deslizamento de terra. &#8220;O corpo de Engenharia da Defesa Civil de Aracaju realiza uma an\u00e1lise minuciosa da estrutura. Ap\u00f3s a identifica\u00e7\u00e3o do risco, um auto de interdi\u00e7\u00e3o \u00e9 emitido&#8221;, explicou a coordenadora-geral da Defesa Civil de Aracaju, Val\u00e9ria Bispo.<\/p>\n\n\n\n<p>O espa\u00e7o pode ficar interditado de forma parcial ou total. Al\u00e9m disso, depende da gravidade e da possibilidade de corre\u00e7\u00e3o dos riscos.&nbsp; Esta semana, a equipe interditou um estabelecimento comercial no bairro 18 do Forte depois do desabamento parcial da cobertura. N\u00e3o houve v\u00edtimas, mas foi necess\u00e1rio interditar o local para evitar acidentes.<\/p>\n\n\n\n<p>Tamb\u00e9m na Zona Norte da capital sergipana, no bairro Palestina, a equipe interditou um im\u00f3vel por apresentar recalque no solo. A equipe foi ao local depois de o morador solicitar vistoria da Defesa Civil de Aracaju, por meio do n\u00famero emergencial 199. Outro im\u00f3vel no bairro Santa Maria tamb\u00e9m foi interditado depois de um inc\u00eandio.<\/p>\n\n\n\n<p>Libera\u00e7\u00e3o<\/p>\n\n\n\n<p>A desinterdi\u00e7\u00e3o ocorre depois de feita nova vistoria no local e cumpridas as exig\u00eancias da Defesa Civil. Esta semana, por exemplo, o estabelecimento comercial localizado no Centro de Aracaju foi liberado pelo \u00f3rg\u00e3o. O espa\u00e7o estava fechado desde o dia 27 de fevereiro, quando ocorreu um inc\u00eandio no local. Na ocasi\u00e3o, parte do segundo pavimento ficou danificada, al\u00e9m da cobertura. &#8220;N\u00f3s autorizamos a desinterdi\u00e7\u00e3o depois de o propriet\u00e1rio apresentar o laudo especializado de engenharia, atestando que o im\u00f3vel estava apto para receber os devidos reparos e, posteriormente, ser reaberto\u201d, destacou Val\u00e9ria Bispo.<\/p>\n\n\n\n<p>Com informa\u00e7\u00f5es e foto da AAN<\/p>\n","protected":false},"excerpt":{"rendered":"<p>Proteger a popula\u00e7\u00e3o de riscos iminentes \u00e0 vida, \u00e0 integridade f\u00edsica ou ao patrim\u00f4nio. \u00c9 com esse objetivo que a Prefeitura de Aracaju, por interm\u00e9dio da Defesa Civil de Aracaju, \u00f3rg\u00e3o vinculado \u00e0 Secretaria Municipal da Defesa Social e da Cidadana (Semdec), fez a interdi\u00e7\u00e3o de 53 im\u00f3veis este ano. A medida seguiu protocolos t\u00e9cnicos. [&hellip;]<\/p>\n","protected":false},"author":2,"featured_media":6626,"comment_status":"open","ping_status":"open","sticky":false,"template":"","format":"standard","meta":{"footnotes":""},"categories":[11,6,10],"tags":[],"class_list":["post-6625","post","type-post","status-publish","format-standard","has-post-thumbnail","hentry","category-destaque","category-letreiro","category-noticias"],"_links":{"self":[{"href":"https:\/\/espacolivresergipe.com.br\/index.php\/wp-json\/wp\/v2\/posts\/6625","targetHints":{"allow":["GET"]}}],"collection":[{"href":"https:\/\/espacolivresergipe.com.br\/index.php\/wp-json\/wp\/v2\/posts"}],"about":[{"href":"https:\/\/espacolivresergipe.com.br\/index.php\/wp-json\/wp\/v2\/types\/post"}],"author":[{"embeddable":true,"href":"https:\/\/espacolivresergipe.com.br\/index.php\/wp-json\/wp\/v2\/users\/2"}],"replies":[{"embeddable":true,"href":"https:\/\/espacolivresergipe.com.br\/index.php\/wp-json\/wp\/v2\/comments?post=6625"}],"version-history":[{"count":1,"href":"https:\/\/espacolivresergipe.com.br\/index.php\/wp-json\/wp\/v2\/posts\/6625\/revisions"}],"predecessor-version":[{"id":6627,"href":"https:\/\/espacolivresergipe.com.br\/index.php\/wp-json\/wp\/v2\/posts\/6625\/revisions\/6627"}],"wp:featuredmedia":[{"embeddable":true,"href":"https:\/\/espacolivresergipe.com.br\/index.php\/wp-json\/wp\/v2\/media\/6626"}],"wp:attachment":[{"href":"https:\/\/espacolivresergipe.com.br\/index.php\/wp-json\/wp\/v2\/media?parent=6625"}],"wp:term":[{"taxonomy":"category","embeddable":true,"href":"https:\/\/espacolivresergipe.com.br\/index.php\/wp-json\/wp\/v2\/categories?post=6625"},{"taxonomy":"post_tag","embeddable":true,"href":"https:\/\/espacolivresergipe.com.br\/index.php\/wp-json\/wp\/v2\/tags?post=6625"}],"curies":[{"name":"wp","href":"https:\/\/api.w.org\/{rel}","templated":true}]}}