{"id":6628,"date":"2025-05-08T05:08:12","date_gmt":"2025-05-08T08:08:12","guid":{"rendered":"https:\/\/espacolivresergipe.com.br\/?p=6628"},"modified":"2025-05-08T05:08:13","modified_gmt":"2025-05-08T08:08:13","slug":"clube-do-rei-celebra-o-dia-das-maes-no-cafe-da-gente-sergipana-com-show-especial","status":"publish","type":"post","link":"https:\/\/espacolivresergipe.com.br\/index.php\/2025\/05\/08\/clube-do-rei-celebra-o-dia-das-maes-no-cafe-da-gente-sergipana-com-show-especial\/","title":{"rendered":"Clube do Rei celebra o Dia das M\u00e3es no Caf\u00e9 da Gente Sergipana com show especial"},"content":{"rendered":"\n<p>A banda Clube do Rei est\u00e1 de volta ao espa\u00e7o cultural do Caf\u00e9 da Gente Sergipana para uma noite inesquec\u00edvel em homenagem ao Dia das M\u00e3es. O show especial acontece na sexta-feira, 9 de maio, \u00e0s 20h, e promete emocionar o p\u00fablico com os cl\u00e1ssicos eternos de Roberto Carlos em um clima de afeto, mem\u00f3rias e celebra\u00e7\u00e3o.<\/p>\n\n\n\n<p>Conhecida por prestar um tributo impec\u00e1vel \u00e0 obra do Rei, a banda retorna ao Caf\u00e9 da Gente com uma apresenta\u00e7\u00e3o pensada especialmente para celebrar o amor materno atrav\u00e9s da m\u00fasica. Ser\u00e1 uma oportunidade \u00fanica para reencontrar can\u00e7\u00f5es que embalaram gera\u00e7\u00f5es e que continuam marcando hist\u00f3rias com sua beleza e sensibilidade.<\/p>\n\n\n\n<p>Formada em abril de 2019 e liderada pelo talentoso vocalista Eduardo Montezuma, a banda Clube do Rei se dedica a reviver os momentos \u00e1ureos da carreira de Roberto Carlos. O repert\u00f3rio da apresenta\u00e7\u00e3o percorre o per\u00edodo entre 1963 e 1977, com can\u00e7\u00f5es que se tornaram verdadeiros hinos da m\u00fasica brasileira.<\/p>\n\n\n\n<p>Na noite especial, o p\u00fablico poder\u00e1 cantar junto sucessos como &#8220;Splish Splash&#8221;, &#8220;Esque\u00e7a&#8221;, &#8220;As Curvas da Estrada de Santos&#8221;, &#8220;Amigo&#8221;, &#8220;Como \u00c9 Grande o Meu Amor por Voc\u00ea&#8221;, &#8220;Se Voc\u00ea Pensa&#8221;, &#8220;N\u00e3o Vou Ficar&#8221;, &#8220;Outra Vez&#8221;, entre muitos outros. Todas as m\u00fasicas s\u00e3o interpretadas com emo\u00e7\u00e3o e fidelidade, recriando a atmosfera marcante das apresenta\u00e7\u00f5es do Rei.<\/p>\n\n\n\n<p>A forma\u00e7\u00e3o da banda conta ainda com Renan Oliveira (guitarra), Paulo Ant\u00f4nio (baixo), James Bertisch (teclados) e Rafael J\u00fanior (bateria), m\u00fasicos que somam talento e sensibilidade ao projeto, garantindo uma experi\u00eancia sonora rica e cheia de autenticidade.<\/p>\n\n\n\n<p>A apresenta\u00e7\u00e3o da banda Clube do Rei no Caf\u00e9 da Gente Sergipana \u00e9 um convite \u00e0 celebra\u00e7\u00e3o da vida, da m\u00fasica e dos afetos. Um presente emocionante para as m\u00e3es e para todos os f\u00e3s da obra de Roberto Carlos.<\/p>\n\n\n\n<p>Ingressos: R$50 (antecipado \u2013 primeiro lote) Garanta j\u00e1 o seu! Via Sympla (link na bio) ou via PIX solicitando a chave pelo WhatsApp (79) 98138-3594 ou (79) 98541-3030<\/p>\n\n\n\n<p>Texto e foto assessoria<\/p>\n","protected":false},"excerpt":{"rendered":"<p>A banda Clube do Rei est\u00e1 de volta ao espa\u00e7o cultural do Caf\u00e9 da Gente Sergipana para uma noite inesquec\u00edvel em homenagem ao Dia das M\u00e3es. O show especial acontece na sexta-feira, 9 de maio, \u00e0s 20h, e promete emocionar o p\u00fablico com os cl\u00e1ssicos eternos de Roberto Carlos em um clima de afeto, mem\u00f3rias [&hellip;]<\/p>\n","protected":false},"author":2,"featured_media":6629,"comment_status":"open","ping_status":"open","sticky":false,"template":"","format":"standard","meta":{"footnotes":""},"categories":[12,10],"tags":[],"class_list":["post-6628","post","type-post","status-publish","format-standard","has-post-thumbnail","hentry","category-agora","category-noticias"],"_links":{"self":[{"href":"https:\/\/espacolivresergipe.com.br\/index.php\/wp-json\/wp\/v2\/posts\/6628","targetHints":{"allow":["GET"]}}],"collection":[{"href":"https:\/\/espacolivresergipe.com.br\/index.php\/wp-json\/wp\/v2\/posts"}],"about":[{"href":"https:\/\/espacolivresergipe.com.br\/index.php\/wp-json\/wp\/v2\/types\/post"}],"author":[{"embeddable":true,"href":"https:\/\/espacolivresergipe.com.br\/index.php\/wp-json\/wp\/v2\/users\/2"}],"replies":[{"embeddable":true,"href":"https:\/\/espacolivresergipe.com.br\/index.php\/wp-json\/wp\/v2\/comments?post=6628"}],"version-history":[{"count":1,"href":"https:\/\/espacolivresergipe.com.br\/index.php\/wp-json\/wp\/v2\/posts\/6628\/revisions"}],"predecessor-version":[{"id":6630,"href":"https:\/\/espacolivresergipe.com.br\/index.php\/wp-json\/wp\/v2\/posts\/6628\/revisions\/6630"}],"wp:featuredmedia":[{"embeddable":true,"href":"https:\/\/espacolivresergipe.com.br\/index.php\/wp-json\/wp\/v2\/media\/6629"}],"wp:attachment":[{"href":"https:\/\/espacolivresergipe.com.br\/index.php\/wp-json\/wp\/v2\/media?parent=6628"}],"wp:term":[{"taxonomy":"category","embeddable":true,"href":"https:\/\/espacolivresergipe.com.br\/index.php\/wp-json\/wp\/v2\/categories?post=6628"},{"taxonomy":"post_tag","embeddable":true,"href":"https:\/\/espacolivresergipe.com.br\/index.php\/wp-json\/wp\/v2\/tags?post=6628"}],"curies":[{"name":"wp","href":"https:\/\/api.w.org\/{rel}","templated":true}]}}