{"id":6634,"date":"2025-05-08T05:32:17","date_gmt":"2025-05-08T08:32:17","guid":{"rendered":"https:\/\/espacolivresergipe.com.br\/?p=6634"},"modified":"2025-05-08T05:32:18","modified_gmt":"2025-05-08T08:32:18","slug":"defensoria-publica-lancara-cartilha-sobre-violencia-sexual-e-aborto-legal-no-dia-15-de-maio","status":"publish","type":"post","link":"https:\/\/espacolivresergipe.com.br\/index.php\/2025\/05\/08\/defensoria-publica-lancara-cartilha-sobre-violencia-sexual-e-aborto-legal-no-dia-15-de-maio\/","title":{"rendered":"Defensoria P\u00fablica lan\u00e7ar\u00e1 cartilha sobre Viol\u00eancia Sexual e Aborto Legal no dia 15 de Maio"},"content":{"rendered":"\n<p>A Defensoria P\u00fablica do Estado, por meio das defensoras p\u00fablicas Ingrid Ribeiro e Betina Schreiner, estar\u00e1 lan\u00e7ando dia 15 de Maio, \u00e0s 08h30, no Audit\u00f3rio da Reitoria da Universidade Federal de Sergipe, a cartilha \u201cViol\u00eancia Sexual e Aborto Legal\u201d.&nbsp;<\/p>\n\n\n\n<p>O evento, que acontecer\u00e1 durante o lan\u00e7amento da campanha \u201cZero Gravidez na Inf\u00e2ncia\u201d, promovida pela Universidade Federal de Sergipe (UFS), contar\u00e1 com a presen\u00e7a do defensor p\u00fablico-geral, Le\u00f3 Neto; representantes do Tribunal de Justi\u00e7a, Minist\u00e9rio P\u00fablico do Estado, Assembleia Legislativa e da Secretaria de Estado da Sa\u00fade.<\/p>\n\n\n\n<p>A campanha \u201cZero Gravidez na Inf\u00e2ncia\u201d contar\u00e1 com uma programa\u00e7\u00e3o que ter\u00e1 in\u00edcio \u00e0s 8h30 e encerrar\u00e1 \u00e0s 12h. Haver\u00e1 mesa de debates com membros da Defensoria P\u00fablica, representantes da Secretaria de Estado da Sa\u00fade e do Comit\u00ea de Participa\u00e7\u00e3o de Adolescentes junto ao Conanda.<\/p>\n\n\n\n<p>Em 2024, 183 meninas com menos de 14 anos se tornaram m\u00e3es no estado, segundo um levantamento feito pelo Comit\u00ea Estadual de Preven\u00e7\u00e3o da Mortalidade Materna Infantil e Fetal de Sergipe.<\/p>\n\n\n\n<p>O objetivo da campanha \u00e9 assegurar \u00e0s crian\u00e7as o direito de viver a inf\u00e2ncia com sa\u00fade, educa\u00e7\u00e3o, dignidade e prote\u00e7\u00e3o para seu pleno desenvolvimento, al\u00e9m de atingir uma meta de zero gravidez na inf\u00e2ncia at\u00e9 o ano 2030 no estado.<\/p>\n\n\n\n<p>Cartilha \u2013 A Defensoria P\u00fablica orienta sobre conceito de viol\u00eancia sexual e aborto seguro, o que fazer ap\u00f3s sofrer a viol\u00eancia, quando a viol\u00eancia resulta em gravidez, o que \u00e9 necess\u00e1rio para fazer o aborto e onde buscar atendimento em Sergipe.<\/p>\n\n\n\n<p>Texto e foto assessoria<\/p>\n","protected":false},"excerpt":{"rendered":"<p>A Defensoria P\u00fablica do Estado, por meio das defensoras p\u00fablicas Ingrid Ribeiro e Betina Schreiner, estar\u00e1 lan\u00e7ando dia 15 de Maio, \u00e0s 08h30, no Audit\u00f3rio da Reitoria da Universidade Federal de Sergipe, a cartilha \u201cViol\u00eancia Sexual e Aborto Legal\u201d.&nbsp; O evento, que acontecer\u00e1 durante o lan\u00e7amento da campanha \u201cZero Gravidez na Inf\u00e2ncia\u201d, promovida pela Universidade [&hellip;]<\/p>\n","protected":false},"author":2,"featured_media":6635,"comment_status":"open","ping_status":"open","sticky":false,"template":"","format":"standard","meta":{"footnotes":""},"categories":[13,6,10],"tags":[],"class_list":["post-6634","post","type-post","status-publish","format-standard","has-post-thumbnail","hentry","category-acontece","category-letreiro","category-noticias"],"_links":{"self":[{"href":"https:\/\/espacolivresergipe.com.br\/index.php\/wp-json\/wp\/v2\/posts\/6634","targetHints":{"allow":["GET"]}}],"collection":[{"href":"https:\/\/espacolivresergipe.com.br\/index.php\/wp-json\/wp\/v2\/posts"}],"about":[{"href":"https:\/\/espacolivresergipe.com.br\/index.php\/wp-json\/wp\/v2\/types\/post"}],"author":[{"embeddable":true,"href":"https:\/\/espacolivresergipe.com.br\/index.php\/wp-json\/wp\/v2\/users\/2"}],"replies":[{"embeddable":true,"href":"https:\/\/espacolivresergipe.com.br\/index.php\/wp-json\/wp\/v2\/comments?post=6634"}],"version-history":[{"count":1,"href":"https:\/\/espacolivresergipe.com.br\/index.php\/wp-json\/wp\/v2\/posts\/6634\/revisions"}],"predecessor-version":[{"id":6636,"href":"https:\/\/espacolivresergipe.com.br\/index.php\/wp-json\/wp\/v2\/posts\/6634\/revisions\/6636"}],"wp:featuredmedia":[{"embeddable":true,"href":"https:\/\/espacolivresergipe.com.br\/index.php\/wp-json\/wp\/v2\/media\/6635"}],"wp:attachment":[{"href":"https:\/\/espacolivresergipe.com.br\/index.php\/wp-json\/wp\/v2\/media?parent=6634"}],"wp:term":[{"taxonomy":"category","embeddable":true,"href":"https:\/\/espacolivresergipe.com.br\/index.php\/wp-json\/wp\/v2\/categories?post=6634"},{"taxonomy":"post_tag","embeddable":true,"href":"https:\/\/espacolivresergipe.com.br\/index.php\/wp-json\/wp\/v2\/tags?post=6634"}],"curies":[{"name":"wp","href":"https:\/\/api.w.org\/{rel}","templated":true}]}}