{"id":6640,"date":"2025-05-08T06:09:50","date_gmt":"2025-05-08T09:09:50","guid":{"rendered":"https:\/\/espacolivresergipe.com.br\/?p=6640"},"modified":"2025-05-08T06:09:51","modified_gmt":"2025-05-08T09:09:51","slug":"sergio-reis-anuncia-ampliacao-do-programa-morando-bem-com-mais-800-moradias","status":"publish","type":"post","link":"https:\/\/espacolivresergipe.com.br\/index.php\/2025\/05\/08\/sergio-reis-anuncia-ampliacao-do-programa-morando-bem-com-mais-800-moradias\/","title":{"rendered":"S\u00e9rgio Reis anuncia amplia\u00e7\u00e3o do programa &#8220;Morando Bem&#8221; com mais 800 moradias"},"content":{"rendered":"\n<p>Nova etapa atender\u00e1 diferentes perfis econ\u00f4micos do munic\u00edpio, tornando o programa habitacional o maior da hist\u00f3ria de Lagarto<\/p>\n\n\n\n<p>A pol\u00edtica habitacional de Lagarto ganhou um cap\u00edtulo hist\u00f3rico nesta quarta-feira, 7. O prefeito S\u00e9rgio Reis entregou a segunda etapa do Residencial Parque das Laranjeiras II, no povoado Col\u00f4nia Treze, avan\u00e7ando na consolida\u00e7\u00e3o de um novo ciclo de desenvolvimento na cidade. Fruto de uma parceria entre os governos municipal, federal e a iniciativa privada, a a\u00e7\u00e3o integra o programa &#8220;Morando Bem&#8221; e contou com a distribui\u00e7\u00e3o de 35 resid\u00eancias, transformando em realidade o sonho da casa pr\u00f3pria para dezenas de fam\u00edlias lagartenses.<\/p>\n\n\n\n<p>Durante a solenidade, tamb\u00e9m foi anunciado o novo edital do programa, que prev\u00ea a constru\u00e7\u00e3o de mais 800 moradias, ultrapassando um investimento de R$ 140 milh\u00f5es. &#8220;Hoje \u00e9 um dia hist\u00f3rico para Lagarto. Estamos mudando vidas por meio da habita\u00e7\u00e3o, garantindo dignidade e seguran\u00e7a para dezenas de fam\u00edlias. Nosso munic\u00edpio avan\u00e7a com trabalho s\u00e9rio, com planejamento, e \u00e9 gratificante ver que cada esfor\u00e7o tem valido a pena. Lagarto j\u00e1 \u00e9 uma refer\u00eancia em habita\u00e7\u00e3o social em Sergipe e vamos seguir trabalhando para ser, tamb\u00e9m, uma refer\u00eancia para o Brasil inteiro&#8221;, destacou S\u00e9rgio.<\/p>\n\n\n\n<p>Ao realizar a entrega das chaves, o prefeito tamb\u00e9m ressaltou a importante soma\u00e7\u00e3o de esfor\u00e7os para tornar a a\u00e7\u00e3o concreta. &#8220;Nenhuma gest\u00e3o consegue enfrentar sozinha um desafio t\u00e3o grande quanto o da habita\u00e7\u00e3o. Por isso, quero destacar a parceria fundamental com o Governo Federal e com a iniciativa privada. Foi o presidente Lula quem criou o Minha Casa, Minha Vida, em 2009, e \u00e9 ele, mais uma vez, quem est\u00e1 devolvendo ao povo brasileiro o direito \u00e0 casa pr\u00f3pria. Com o apoio do presidente e de todos os parceiros, Lagarto est\u00e1 fazendo a sua parte, reorganizando as finan\u00e7as, enxugando gastos e investindo onde realmente importa, que \u00e9 no futuro da nossa gente&#8221;, enfatizou.<\/p>\n\n\n\n<p>Infraestrutura completa<\/p>\n\n\n\n<p>Com infraestrutura completa e padr\u00e3o moderno de constru\u00e7\u00e3o, o residencial \u00e9 resultado de uma a\u00e7\u00e3o conjunta da Prefeitura, Governo Federal, por meio do programa &#8220;Minha Casa, Minha Vida \u2013 Cidades&#8221;, e a construtora JFilhos. Ele conta com 74 casas, que foram erguidas com tecnologia de paredes de concreto, piso cer\u00e2mico, laje, garagem privativa de 13 m\u00b2 e dois modelos distintos: casas padr\u00e3o com 55,90 m\u00b2 e ampliadas com 59,25 m\u00b2.<\/p>\n\n\n\n<p>Os modelos incluem varanda, sala, hall, cozinha, banheiro social, \u00e1rea de servi\u00e7o e dois quartos, sendo um deles su\u00edte nas casas ampliadas. As moradias foram erguidas em lotes a partir de 140 m\u00b2 e contemplam infraestrutura urbana completa, com pavimenta\u00e7\u00e3o, sinaliza\u00e7\u00e3o, ilumina\u00e7\u00e3o p\u00fablica, rede el\u00e9trica, abastecimento de \u00e1gua pot\u00e1vel, sistema individual de esgoto, passeios acess\u00edveis conforme norma ABNT 9050, arboriza\u00e7\u00e3o e \u00e1rea de lazer com parque infantil.<\/p>\n\n\n\n<p>&#8220;Hoje, Lagarto entra para a hist\u00f3ria como o primeiro munic\u00edpio do Nordeste a entregar esse modelo de habita\u00e7\u00e3o social, e a JFilhos tem muito orgulho de fazer parte desta hist\u00f3ria, que foi constru\u00edda com suor e prop\u00f3sito. Esse programa demonstra que \u00e9 poss\u00edvel executar pol\u00edticas p\u00fablicas concretas. Lagarto tem hoje uma gest\u00e3o que leva a habita\u00e7\u00e3o a s\u00e9rio, com um trabalho t\u00e9cnico e eficaz&#8221;, declarou o diretor-presidente da Construtora JFilhos, Evislan Souza.<\/p>\n\n\n\n<p>Novo edital<\/p>\n\n\n\n<p>Durante a entrega, a gest\u00e3o municipal tamb\u00e9m lan\u00e7ou o novo edital de cadastro para o &#8220;Morando Bem&#8221;, que ser\u00e1 ampliado e transformado no maior programa habitacional da hist\u00f3ria de Lagarto. A nova etapa atender\u00e1 diferentes perfis econ\u00f4micos do munic\u00edpio, divididos em tr\u00eas faixas de benefici\u00e1rios, que v\u00e3o desde as fam\u00edlias sem renda at\u00e9 aquelas que recebem R$ 8.600. Os contemplados contar\u00e3o ainda com incentivos que podem chegar a R$ 55 mil, facilitando o acesso ao financiamento habitacional.<\/p>\n\n\n\n<p>&#8220;Com o &#8216;Morando Bem&#8217;, reafirmamos nosso compromisso com a promo\u00e7\u00e3o dos direitos fundamentais, especialmente o direito \u00e0 moradia. A amplia\u00e7\u00e3o do programa permitir\u00e1 atender desde fam\u00edlias em situa\u00e7\u00e3o de vulnerabilidade at\u00e9 aquelas com alguma condi\u00e7\u00e3o de contribuir para o financiamento do im\u00f3vel. A primeira etapa ser\u00e1 voltada \u00e0 popula\u00e7\u00e3o de baixa renda, com inscri\u00e7\u00f5es presenciais de 12 a 30 de maio, no Parque Zez\u00e9 Rocha. J\u00e1 a segunda etapa, que come\u00e7a em junho, ser\u00e1 online e contemplar\u00e1 fam\u00edlias com renda um pouco maior, que podem financiar seu im\u00f3vel. \u00c9 uma iniciativa que abrange a realidade de Lagarto e promove dignidade para quem mais precisa&#8221;, explicou a coordenadora do setor de Habita\u00e7\u00e3o da Secretaria de Desenvolvimento Social e do Trabalho (Sedest), Marylia Loiola.<\/p>\n\n\n\n<p>As fam\u00edlias beneficiadas pelo &#8220;Minha Casa, Minha Vida \u2013 Cidades&#8221; tamb\u00e9m ter\u00e3o acesso a cr\u00e9dito habitacional com recursos do FGTS, em condi\u00e7\u00f5es facilitadas. &#8220;Ao relan\u00e7ar o Minha Casa, Minha Vida, identificamos que a maior dificuldade das fam\u00edlias era dar a entrada no im\u00f3vel. Muitas j\u00e1 pagam aluguel, mas n\u00e3o conseguem juntar os valores exigidos. Por isso, criamos o programa, que convida prefeituras e parlamentares a somarem esfor\u00e7os. Com juros reduzidos e subs\u00eddios maiores, estamos tornando o sonho da casa pr\u00f3pria uma realidade para quem mais precisa&#8221;, refor\u00e7ou o secret\u00e1rio-executivo do Minist\u00e9rio das Cidades, Hailton Madureira, que esteve presente no evento.<\/p>\n\n\n\n<p>Al\u00e9m do impacto social direto, o projeto tamb\u00e9m impulsiona a economia local com a gera\u00e7\u00e3o de cerca de 200 empregos diretos, fortalecendo a cadeia produtiva da constru\u00e7\u00e3o civil e movimentando o com\u00e9rcio e os servi\u00e7os no entorno.<\/p>\n\n\n\n<p>Realiza\u00e7\u00e3o<\/p>\n\n\n\n<p>Moradora contemplada na segunda etapa do residencial, M\u00f4nica Santos Ferreira expressou a emo\u00e7\u00e3o de realizar o sonho da casa pr\u00f3pria ap\u00f3s um ano de espera. Ao receber as chaves da sua resid\u00eancia, ela contou ter acompanhado de perto cada fase da obra, ansiosa pelo dia em que entraria, finalmente, no seu novo lar.<\/p>\n\n\n\n<p>&#8220;\u00c9 uma alegria que n\u00e3o cabe no peito, a realiza\u00e7\u00e3o de um sonho. Eu nunca imaginei que chegaria a esse ponto, de ter uma casa linda e maravilhosa como essa. Todo dia eu vinha aqui no parquinho e ficava s\u00f3 olhando, namorando a casa, sonhando com o dia de entrar. Hoje, com a chave na m\u00e3o, \u00e9 s\u00f3 gratid\u00e3o. Agrade\u00e7o primeiramente a Deus e depois \u00e0 gest\u00e3o do prefeito S\u00e9rgio Reis, por ter me proporcionado esse momento t\u00e3o especial. Foi um ano de espera e agora posso dizer que valeu a pena&#8221;, expressou.<\/p>\n\n\n\n<p>Quem tamb\u00e9m comemorou o momento foi o agricultor Adriano dos Santos, que aguardou 15 anos pela conquista. Emocionado, ele destacou a import\u00e2ncia para a sua fam\u00edlia e agradeceu a todos que contribu\u00edram para que esse sonho se tornasse realidade.<\/p>\n\n\n\n<p>&#8220;\u00c9 uma felicidade sem tamanho. N\u00e3o tenho nem palavras para descrever o que estou sentindo. Depois de 15 anos esperando, hoje estou aqui, com minha esposa e meus filhos, recebendo a chave da nossa casa. \u00c9 um sonho realizado, fruto de muito trabalho. Trabalho na ro\u00e7a, na planta\u00e7\u00e3o de mam\u00e3o, e sou muito feliz com o que fa\u00e7o. Mas agora, com a casa pr\u00f3pria, a felicidade \u00e9 completa. A gente s\u00f3 tem a agradecer a todos os envolvidos. \u00c9 uma vit\u00f3ria&#8221;, celebrou.&nbsp;<\/p>\n\n\n\n<p>Texto e foto assessoria<\/p>\n","protected":false},"excerpt":{"rendered":"<p>Nova etapa atender\u00e1 diferentes perfis econ\u00f4micos do munic\u00edpio, tornando o programa habitacional o maior da hist\u00f3ria de Lagarto A pol\u00edtica habitacional de Lagarto ganhou um cap\u00edtulo hist\u00f3rico nesta quarta-feira, 7. O prefeito S\u00e9rgio Reis entregou a segunda etapa do Residencial Parque das Laranjeiras II, no povoado Col\u00f4nia Treze, avan\u00e7ando na consolida\u00e7\u00e3o de um novo ciclo [&hellip;]<\/p>\n","protected":false},"author":2,"featured_media":6641,"comment_status":"open","ping_status":"open","sticky":false,"template":"","format":"standard","meta":{"footnotes":""},"categories":[13,6,7],"tags":[],"class_list":["post-6640","post","type-post","status-publish","format-standard","has-post-thumbnail","hentry","category-acontece","category-letreiro","category-sergipe"],"_links":{"self":[{"href":"https:\/\/espacolivresergipe.com.br\/index.php\/wp-json\/wp\/v2\/posts\/6640","targetHints":{"allow":["GET"]}}],"collection":[{"href":"https:\/\/espacolivresergipe.com.br\/index.php\/wp-json\/wp\/v2\/posts"}],"about":[{"href":"https:\/\/espacolivresergipe.com.br\/index.php\/wp-json\/wp\/v2\/types\/post"}],"author":[{"embeddable":true,"href":"https:\/\/espacolivresergipe.com.br\/index.php\/wp-json\/wp\/v2\/users\/2"}],"replies":[{"embeddable":true,"href":"https:\/\/espacolivresergipe.com.br\/index.php\/wp-json\/wp\/v2\/comments?post=6640"}],"version-history":[{"count":1,"href":"https:\/\/espacolivresergipe.com.br\/index.php\/wp-json\/wp\/v2\/posts\/6640\/revisions"}],"predecessor-version":[{"id":6642,"href":"https:\/\/espacolivresergipe.com.br\/index.php\/wp-json\/wp\/v2\/posts\/6640\/revisions\/6642"}],"wp:featuredmedia":[{"embeddable":true,"href":"https:\/\/espacolivresergipe.com.br\/index.php\/wp-json\/wp\/v2\/media\/6641"}],"wp:attachment":[{"href":"https:\/\/espacolivresergipe.com.br\/index.php\/wp-json\/wp\/v2\/media?parent=6640"}],"wp:term":[{"taxonomy":"category","embeddable":true,"href":"https:\/\/espacolivresergipe.com.br\/index.php\/wp-json\/wp\/v2\/categories?post=6640"},{"taxonomy":"post_tag","embeddable":true,"href":"https:\/\/espacolivresergipe.com.br\/index.php\/wp-json\/wp\/v2\/tags?post=6640"}],"curies":[{"name":"wp","href":"https:\/\/api.w.org\/{rel}","templated":true}]}}