{"id":6643,"date":"2025-05-08T06:17:10","date_gmt":"2025-05-08T09:17:10","guid":{"rendered":"https:\/\/espacolivresergipe.com.br\/?p=6643"},"modified":"2025-05-08T06:17:11","modified_gmt":"2025-05-08T09:17:11","slug":"equipe-do-centro-de-excelencia-28-de-janeiro-representara-sergipe-na-expo-nacional-milset-brasil-2025","status":"publish","type":"post","link":"https:\/\/espacolivresergipe.com.br\/index.php\/2025\/05\/08\/equipe-do-centro-de-excelencia-28-de-janeiro-representara-sergipe-na-expo-nacional-milset-brasil-2025\/","title":{"rendered":"Equipe do Centro de Excel\u00eancia 28 de Janeiro representar\u00e1 Sergipe na Expo Nacional Milset Brasil 2025"},"content":{"rendered":"\n<p>Uma equipe de alunos do Centro de Excel\u00eancia 28 de Janeiro, do munic\u00edpio de Monte Alegre de Sergipe, localizado no Alto Sert\u00e3o, representar\u00e1 o estado na VII Expo Nacional Milset. Durante o evento, que ser\u00e1 realizado entre os dias 11 e 15 de maio, em Fortaleza\/CE, os alunos ter\u00e3o a oportunidade de apresentar o projeto \u2018Biotecpalm\u2019, que promove a sustentabilidade e a economia circular.<\/p>\n\n\n\n<p>A Expo Nacional Milset Brasil \u00e9 um dos mais importantes espa\u00e7os de divulga\u00e7\u00e3o cient\u00edfica jovem no pa\u00eds. Durante sua realiza\u00e7\u00e3o, estudantes de diversas regi\u00f5es t\u00eam a oportunidade de apresentar seus projetos em uma exposi\u00e7\u00e3o aberta a professores, pesquisadores, avaliadores e p\u00fablico geral. Cada projeto conta com um estande pr\u00f3prio, onde os estudantes podem compartilhar suas ideias, processos e resultados, promovendo o interc\u00e2mbio de conhecimentos e solu\u00e7\u00f5es criativas.<\/p>\n\n\n\n<p>Al\u00e9m da visibilidade, a feira oferece, tamb\u00e9m, benef\u00edcios acad\u00eamicos significativos. Participar da exposi\u00e7\u00e3o contribui para a forma\u00e7\u00e3o cient\u00edfica e pessoal dos estudantes, com o desenvolvimento de compet\u00eancias como pesquisa, comunica\u00e7\u00e3o, organiza\u00e7\u00e3o e trabalho em equipe, habilidades consideradas essenciais para a vida acad\u00eamica e profissional. Al\u00e9m disso, o evento valoriza a produ\u00e7\u00e3o cient\u00edfica juvenil, permitindo que os participantes recebam feedbacks especializados e tenham suas ideias reconhecidas em \u00e2mbito nacional.<\/p>\n\n\n\n<p>A VII edi\u00e7\u00e3o da exposi\u00e7\u00e3o ocorrer\u00e1 entre os dias 11 e 15 de maio, no Hotel O\u00e1sis Atl\u00e2ntico Fortaleza, na capital cearense. O evento \u00e9 aberto e gratuito para o p\u00fablico. Ao final, os premiados receber\u00e3o medalhas e trof\u00e9us, al\u00e9m de credenciamento para eventos em 15 pa\u00edses distintos membros e parceiros da Milset Brasil. \u200e<\/p>\n\n\n\n<p>Um dos componentes da equipe, o aluno Jos\u00e9 Saulo, fala sobre suas expectativas para a participa\u00e7\u00e3o no evento. \u201cParticipar de uma feira desse porte \u00e9 uma oportunidade \u00fanica de compartilhar nosso projeto com pessoas de todo o pa\u00eds, trocar experi\u00eancias, aprender com outras iniciativas e crescer, tanto pessoal, quanto academicamente. Minhas expectativas para a Milset Brasil s\u00e3o as melhores poss\u00edveis\u201d, compartilha.<\/p>\n\n\n\n<p>Tamb\u00e9m integrante do time, Kaike Oliveira comenta sobre a influ\u00eancia da inicia\u00e7\u00e3o cient\u00edfica em sua vida. \u201cEsse meio tem me proporcionado participar de diversos eventos e encontros acad\u00eamicos, momentos em que posso compartilhar o que est\u00e1 sendo desenvolvido em nosso estado, especialmente destacando uma riqueza regional como a palma forrageira. A participa\u00e7\u00e3o na exposi\u00e7\u00e3o ser\u00e1 mais uma oportunidade de compartilhar com outros estudantes, professores, acad\u00eamicos e especialistas de outros pa\u00edses como&nbsp; a ci\u00eancia produzida na Rede Estadual \u00e9 rica em solu\u00e7\u00f5es de impacto global\u201d, conta.<\/p>\n\n\n\n<p>Al\u00e9m dos dois alunos, a equipe \u00e9 composta, tamb\u00e9m, por Ant\u00f4nio Lucas Oliveira e pela professora orientadora, Hel\u00e1nia Andrade de Santana, esta que define a participa\u00e7\u00e3o do evento como \u2018\u00edmpar\u2019. \u201c\u00c9 uma experi\u00eancia que enriquece meu curr\u00edculo profissional e pessoal. Al\u00e9m disso, oportuniza a Sergipe apresentar para o pa\u00eds a qualidade de ensino desenvolvido na rede p\u00fablica estadual e que, dentro do espa\u00e7o escolar, os professores e seus estudantes desenvolvem pesquisas cient\u00edficas de qualidade, e isso contribui para o desenvolvimento criativo, cient\u00edfico e cr\u00edtico\u201d, pontua.<\/p>\n\n\n\n<p>Inova\u00e7\u00e3o e sustentabilidade na educa\u00e7\u00e3o sergipana<\/p>\n\n\n\n<p>O \u2018Biotecpalm\u2019 \u00e9 um projeto realizado por estudantes do Centro de Excel\u00eancia 28 de Janeiro, localizado no munic\u00edpio de Monte Alegre de Sergipe, que desenvolve um couro biodegrad\u00e1vel feito a partir da palma forrageira (Opuntia ficus-indica), uma planta resistente e abundante em regi\u00f5es semi\u00e1ridas do Brasil. A proposta surgiu como alternativa ecol\u00f3gica ao couro animal e ao couro sint\u00e9tico derivado do petr\u00f3leo, oferecendo um material mais sustent\u00e1vel, de menor impacto ambiental, economicamente acess\u00edvel e com capacidade de gerar economia circular dentro das comunidades.<\/p>\n\n\n\n<p>Para a Rede P\u00fablica Estadual, o projeto serve como exemplo de educa\u00e7\u00e3o contextualizada e inspiradora, estimulando estudantes a desenvolverem solu\u00e7\u00f5es sustent\u00e1veis para os desafios da pr\u00f3pria regi\u00e3o, promovendo educa\u00e7\u00e3o ambiental, inova\u00e7\u00e3o social e protagonismo juvenil. Em breve, o projeto ainda representar\u00e1 Sergipe e o Brasil na Milset Expo-Sciences International 2025, em setembro, nos Emirados \u00c1rabes Unidos.<\/p>\n\n\n\n<p>Foto: Ascom Seed<\/p>\n","protected":false},"excerpt":{"rendered":"<p>Uma equipe de alunos do Centro de Excel\u00eancia 28 de Janeiro, do munic\u00edpio de Monte Alegre de Sergipe, localizado no Alto Sert\u00e3o, representar\u00e1 o estado na VII Expo Nacional Milset. Durante o evento, que ser\u00e1 realizado entre os dias 11 e 15 de maio, em Fortaleza\/CE, os alunos ter\u00e3o a oportunidade de apresentar o projeto [&hellip;]<\/p>\n","protected":false},"author":2,"featured_media":6644,"comment_status":"open","ping_status":"open","sticky":false,"template":"","format":"standard","meta":{"footnotes":""},"categories":[6,10],"tags":[],"class_list":["post-6643","post","type-post","status-publish","format-standard","has-post-thumbnail","hentry","category-letreiro","category-noticias"],"_links":{"self":[{"href":"https:\/\/espacolivresergipe.com.br\/index.php\/wp-json\/wp\/v2\/posts\/6643","targetHints":{"allow":["GET"]}}],"collection":[{"href":"https:\/\/espacolivresergipe.com.br\/index.php\/wp-json\/wp\/v2\/posts"}],"about":[{"href":"https:\/\/espacolivresergipe.com.br\/index.php\/wp-json\/wp\/v2\/types\/post"}],"author":[{"embeddable":true,"href":"https:\/\/espacolivresergipe.com.br\/index.php\/wp-json\/wp\/v2\/users\/2"}],"replies":[{"embeddable":true,"href":"https:\/\/espacolivresergipe.com.br\/index.php\/wp-json\/wp\/v2\/comments?post=6643"}],"version-history":[{"count":1,"href":"https:\/\/espacolivresergipe.com.br\/index.php\/wp-json\/wp\/v2\/posts\/6643\/revisions"}],"predecessor-version":[{"id":6645,"href":"https:\/\/espacolivresergipe.com.br\/index.php\/wp-json\/wp\/v2\/posts\/6643\/revisions\/6645"}],"wp:featuredmedia":[{"embeddable":true,"href":"https:\/\/espacolivresergipe.com.br\/index.php\/wp-json\/wp\/v2\/media\/6644"}],"wp:attachment":[{"href":"https:\/\/espacolivresergipe.com.br\/index.php\/wp-json\/wp\/v2\/media?parent=6643"}],"wp:term":[{"taxonomy":"category","embeddable":true,"href":"https:\/\/espacolivresergipe.com.br\/index.php\/wp-json\/wp\/v2\/categories?post=6643"},{"taxonomy":"post_tag","embeddable":true,"href":"https:\/\/espacolivresergipe.com.br\/index.php\/wp-json\/wp\/v2\/tags?post=6643"}],"curies":[{"name":"wp","href":"https:\/\/api.w.org\/{rel}","templated":true}]}}