{"id":6872,"date":"2025-05-09T12:53:00","date_gmt":"2025-05-09T15:53:00","guid":{"rendered":"https:\/\/espacolivresergipe.com.br\/?p=6872"},"modified":"2025-05-09T13:27:57","modified_gmt":"2025-05-09T16:27:57","slug":"tribunal-regional-eleitoral-de-sergipe-eleitoral-empossa-nova-juiza-titular","status":"publish","type":"post","link":"https:\/\/espacolivresergipe.com.br\/index.php\/2025\/05\/09\/tribunal-regional-eleitoral-de-sergipe-eleitoral-empossa-nova-juiza-titular\/","title":{"rendered":"Tribunal Regional Eleitoral de Sergipe  empossa nova ju\u00edza titular"},"content":{"rendered":"\n<p>O presidente do Tribunal Regional Eleitoral de Sergipe, desembargador Di\u00f3genes Barreto, empossou a ju\u00edza Br\u00edgida Declerc Fink como membro titular daquela Corte. A posse ocorreu nesta sexta-feira (9), sendo prestigiada, entre outras autoridades, pela governadora em exerc\u00edcio, desembargadora Iolanda Guimar\u00e3es. A nova integrante do colegiado do TRE cumprir\u00e1 o mandato de dois anos.<\/p>\n\n\n\n<p>Com s\u00f3lida trajet\u00f3ria na Justi\u00e7a Eleitoral, Br\u00edgida Declerc Fink retorna \u00e0 Corte com ampla experi\u00eancia na mat\u00e9ria. Entre maio de 2017 e maio de 2019, j\u00e1 havia exercido a fun\u00e7\u00e3o de ju\u00edza substituta no TRE. Al\u00e9m disso, atuou em diversas zonas eleitorais do estado como ju\u00edza de 1\u00ba grau, com destaque para a 3\u00aa Zona Eleitoral (Aquidab\u00e3), onde permaneceu como ju\u00edza titular por 1.190 dias, entre novembro de 1997 e fevereiro de 2001; e para a 5\u00aa ZE (Capela), no per\u00edodo de mar\u00e7o de 2001 a agosto de 2003, 914 dias de atua\u00e7\u00e3o.<\/p>\n\n\n\n<p>Outro marco da trajet\u00f3ria foi o bi\u00eanio como titular da 27\u00aa ZE (Aracaju), de 30 de junho de 2014 a 30 de abril de 2016 (671 dias). A experi\u00eancia acumulada ao longo de anos na magistratura (atuando na Justi\u00e7a Eleitoral) refor\u00e7a a capacidade t\u00e9cnica da Dra. Br\u00edgida e o compromisso dela com os valores democr\u00e1ticos.<\/p>\n\n\n\n<p>Medalha do M\u00e9rito Eleitoral<\/p>\n\n\n\n<p>A magistrada recebeu do presidente, desembargador Di\u00f3genes Barreto, a Medalha do M\u00e9rito Eleitoral, no grau Comendador. A comenda foi criada pela Resolu\u00e7\u00e3o TRE-SE n. 181\/2003. Em seguida, o presidente indicou a Dra. Br\u00edgida para assumir a diretoria da Escola Judici\u00e1ria Eleitoral e, de forma un\u00e2nime, a indica\u00e7\u00e3o foi acolhida pelos demais membros do Tribunal.<\/p>\n\n\n\n<p>A corregedora regional eleitoral e vice-presidente do Tribunal, desembargadora Ana Bernadete Leite de Carvalho Andrade, proferiu a sauda\u00e7\u00e3o em nome dos integrantes do colegiado: \u201cOrgulho-me em presenciar nossa hist\u00f3ria sendo escrita com mais uma mulher a integrar este Tribunal, o qu\u00ea evidencia n\u00e3o apenas o esp\u00edrito democr\u00e1tico que o norteia, mas possibilita o fortalecimento da representatividade feminina, diversificando as perspectivas e contribuindo para que as decis\u00f5es reflitam o respeito \u00e0 democracia, sempre na busca de uma sociedade mais justa e inclusiva\u201d, frisou.<\/p>\n\n\n\n<p>No discurso de posse, a ju\u00edza Br\u00edgida Declerc afirmou que \u201ca democracia e a Justi\u00e7a Eleitoral caminham juntas na hist\u00f3ria do Brasil. A Justi\u00e7a Eleitoral nasceu para assegurar a soberania popular, exercida por meio do sufr\u00e1gio (voto) e \u00e9 uma entidade indissoci\u00e1vel da hist\u00f3ria republicana do pa\u00eds. Elei\u00e7\u00f5es livres, transparentes e bem conduzidas asseguram a renova\u00e7\u00e3o e o fortalecimento de nossas institui\u00e7\u00f5es. \u00c9 uma alegria e uma honra assumir o cargo de ju\u00edza titular no TRE-SE\u201d, concluiu.<\/p>\n\n\n\n<p>Fonte e foto: TRE\/SE<\/p>\n","protected":false},"excerpt":{"rendered":"<p>O presidente do Tribunal Regional Eleitoral de Sergipe, desembargador Di\u00f3genes Barreto, empossou a ju\u00edza Br\u00edgida Declerc Fink como membro titular daquela Corte. A posse ocorreu nesta sexta-feira (9), sendo prestigiada, entre outras autoridades, pela governadora em exerc\u00edcio, desembargadora Iolanda Guimar\u00e3es. A nova integrante do colegiado do TRE cumprir\u00e1 o mandato de dois anos. Com s\u00f3lida [&hellip;]<\/p>\n","protected":false},"author":2,"featured_media":6873,"comment_status":"open","ping_status":"open","sticky":false,"template":"","format":"standard","meta":{"footnotes":""},"categories":[12,6,2],"tags":[],"class_list":["post-6872","post","type-post","status-publish","format-standard","has-post-thumbnail","hentry","category-agora","category-letreiro","category-politica"],"_links":{"self":[{"href":"https:\/\/espacolivresergipe.com.br\/index.php\/wp-json\/wp\/v2\/posts\/6872","targetHints":{"allow":["GET"]}}],"collection":[{"href":"https:\/\/espacolivresergipe.com.br\/index.php\/wp-json\/wp\/v2\/posts"}],"about":[{"href":"https:\/\/espacolivresergipe.com.br\/index.php\/wp-json\/wp\/v2\/types\/post"}],"author":[{"embeddable":true,"href":"https:\/\/espacolivresergipe.com.br\/index.php\/wp-json\/wp\/v2\/users\/2"}],"replies":[{"embeddable":true,"href":"https:\/\/espacolivresergipe.com.br\/index.php\/wp-json\/wp\/v2\/comments?post=6872"}],"version-history":[{"count":2,"href":"https:\/\/espacolivresergipe.com.br\/index.php\/wp-json\/wp\/v2\/posts\/6872\/revisions"}],"predecessor-version":[{"id":6878,"href":"https:\/\/espacolivresergipe.com.br\/index.php\/wp-json\/wp\/v2\/posts\/6872\/revisions\/6878"}],"wp:featuredmedia":[{"embeddable":true,"href":"https:\/\/espacolivresergipe.com.br\/index.php\/wp-json\/wp\/v2\/media\/6873"}],"wp:attachment":[{"href":"https:\/\/espacolivresergipe.com.br\/index.php\/wp-json\/wp\/v2\/media?parent=6872"}],"wp:term":[{"taxonomy":"category","embeddable":true,"href":"https:\/\/espacolivresergipe.com.br\/index.php\/wp-json\/wp\/v2\/categories?post=6872"},{"taxonomy":"post_tag","embeddable":true,"href":"https:\/\/espacolivresergipe.com.br\/index.php\/wp-json\/wp\/v2\/tags?post=6872"}],"curies":[{"name":"wp","href":"https:\/\/api.w.org\/{rel}","templated":true}]}}