{"id":6875,"date":"2025-05-09T13:16:25","date_gmt":"2025-05-09T16:16:25","guid":{"rendered":"https:\/\/espacolivresergipe.com.br\/?p=6875"},"modified":"2025-05-09T13:16:27","modified_gmt":"2025-05-09T16:16:27","slug":"senador-alessandro-vieira-investe-r-70-milhoes-via-edital-de-emendas-participativas-em-sergipe","status":"publish","type":"post","link":"https:\/\/espacolivresergipe.com.br\/index.php\/2025\/05\/09\/senador-alessandro-vieira-investe-r-70-milhoes-via-edital-de-emendas-participativas-em-sergipe\/","title":{"rendered":"Senador Alessandro Vieira investe R$ 70 milh\u00f5es via Edital de Emendas Participativas em Sergipe"},"content":{"rendered":"\n<p>O senador Alessandro Vieira (MDB\/SE) destinou cerca de R$ 70 milh\u00f5es em emendas parlamentares ao longo dos \u00faltimos seis anos por meio do Edital de Emendas Participativas, mecanismo criado por seu mandato para garantir participa\u00e7\u00e3o popular, transpar\u00eancia e responsabilidade no uso de recursos p\u00fablicos. A iniciativa j\u00e1 beneficiou aproximadamente 200 projetos em 50 munic\u00edpios sergipanos, tornando-se refer\u00eancia em inova\u00e7\u00e3o legislativa e controle social.<\/p>\n\n\n\n<p>Criado com o objetivo de democratizar o processo de distribui\u00e7\u00e3o de emendas parlamentares, o edital permite que cidad\u00e3os, organiza\u00e7\u00f5es da sociedade civil e institui\u00e7\u00f5es p\u00fablicas apresentem propostas e prioridades locais. As sugest\u00f5es s\u00e3o analisadas com base em crit\u00e9rios t\u00e9cnicos, impacto social e viabilidade, e n\u00e3o em interesses pol\u00edticos ou partid\u00e1rios.<\/p>\n\n\n\n<p>&#8220;As pessoas querem saber para onde vai o dinheiro e querem ter voz na hora de decidir. Esse \u00e9 um compromisso com uma pol\u00edtica p\u00fablica mais respons\u00e1vel e democr\u00e1tica. Nosso mandato existe para ouvir, servir e transformar boas ideias em a\u00e7\u00f5es. As emendas participativas s\u00e3o uma forma de devolver \u00e0 popula\u00e7\u00e3o o protagonismo que lhe pertence&#8221;, afirmou o senador Alessandro Vieira.<\/p>\n\n\n\n<p>O processo \u00e9 conduzido com transpar\u00eancia, desde a abertura do edital at\u00e9 a sele\u00e7\u00e3o final dos projetos. Todos os crit\u00e9rios de avalia\u00e7\u00e3o s\u00e3o p\u00fablicos, e os resultados s\u00e3o amplamente divulgados, o que fortalece a credibilidade da iniciativa.<\/p>\n\n\n\n<p>Outro diferencial do Edital de Emendas Participativas \u00e9 o incentivo ao protagonismo dos sergipanos. A proposta reconhece que quem vive nas comunidades conhece melhor suas necessidades, e permite que esse conhecimento oriente os investimentos p\u00fablicos. Com isso, os recursos s\u00e3o direcionados a \u00e1reas como sa\u00fade, educa\u00e7\u00e3o, agricultura familiar, seguran\u00e7a e assist\u00eancia social, atendendo a demandas reais da popula\u00e7\u00e3o.<\/p>\n\n\n\n<p>Al\u00e9m de estimular a participa\u00e7\u00e3o cidad\u00e3, o modelo tamb\u00e9m representa uma mudan\u00e7a cultural no uso das emendas parlamentares, tradicionalmente distribu\u00eddas de forma pouco transparente. &#8220;Nosso mandato n\u00e3o \u00e9 feito para um grupo, mas para todo o povo sergipano. Trabalhamos com planejamento, com dados e com di\u00e1logo constante com a sociedade. \u00c9 assim que constru\u00edmos um futuro melhor, com pol\u00edticas p\u00fablicas pensadas com e para as pessoas&#8221;, destacou Vieira.<\/p>\n\n\n\n<p>Impacto real<\/p>\n\n\n\n<p>Entre os projetos apoiados pelo edital, destaca-se a experi\u00eancia de uma associa\u00e7\u00e3o de agricultura familiar de Lagarto, que recebeu recursos para ampliar e modernizar sua estrutura. Com o investimento, a entidade melhorou a produ\u00e7\u00e3o, fortaleceu sua rede de distribui\u00e7\u00e3o e beneficiou diretamente dezenas de fam\u00edlias. O projeto gerou mais autonomia para os produtores e contribuiu para a seguran\u00e7a alimentar.<\/p>\n\n\n\n<p>Na \u00e1rea da sa\u00fade, um dos principais investimentos foi a reestrutura\u00e7\u00e3o dos hospitais filantr\u00f3picos: foram investidos R$15 milh\u00f5es na amplia\u00e7\u00e3o, aquisi\u00e7\u00e3o de equipamentos e qualifica\u00e7\u00e3o dos servi\u00e7os oferecidos \u00e0 popula\u00e7\u00e3o sergipana, atendendo os hospitais Cirurgia, Santa Isabel, S\u00e3o Jos\u00e9, em Aracaju, Hospital Senhor dos Passos, em S\u00e3o Crist\u00f3v\u00e3o, Hospital Amparo de Maria, em Est\u00e2ncia, Hospital S\u00e3o Pedro de Alc\u00e2ntara, em Capela, Hospital e Maternidade S\u00e3o Jos\u00e9, em Itabaiana, Hospital de Caridade, em Riachuelo.<\/p>\n\n\n\n<p>Segunda etapa do Edital de 2025 est\u00e1 com inscri\u00e7\u00f5es abertas<\/p>\n\n\n\n<p>Est\u00e3o abertas as inscri\u00e7\u00f5es da segunda etapa do Edital de Emendas Participativas 2025. Nesta fase, os projetos devem contemplar as \u00e1reas de sa\u00fade, educa\u00e7\u00e3o e agricultura familiar. As inscri\u00e7\u00f5es podem ser feitas at\u00e9 o dia 19 de maio, atrav\u00e9s do site oficial emendasparticipativas.com.br<\/p>\n\n\n\n<p>A expectativa \u00e9 de que essa nova fase amplie ainda mais o alcance do edital, atendendo demandas essenciais e promovendo melhorias concretas na vida da popula\u00e7\u00e3o sergipana.<\/p>\n\n\n\n<p>Por Laisa Bomfim &#8211; Foto Melissa Warwick<\/p>\n","protected":false},"excerpt":{"rendered":"<p>O senador Alessandro Vieira (MDB\/SE) destinou cerca de R$ 70 milh\u00f5es em emendas parlamentares ao longo dos \u00faltimos seis anos por meio do Edital de Emendas Participativas, mecanismo criado por seu mandato para garantir participa\u00e7\u00e3o popular, transpar\u00eancia e responsabilidade no uso de recursos p\u00fablicos. A iniciativa j\u00e1 beneficiou aproximadamente 200 projetos em 50 munic\u00edpios sergipanos, [&hellip;]<\/p>\n","protected":false},"author":2,"featured_media":6876,"comment_status":"open","ping_status":"open","sticky":false,"template":"","format":"standard","meta":{"footnotes":""},"categories":[13,6,2],"tags":[],"class_list":["post-6875","post","type-post","status-publish","format-standard","has-post-thumbnail","hentry","category-acontece","category-letreiro","category-politica"],"_links":{"self":[{"href":"https:\/\/espacolivresergipe.com.br\/index.php\/wp-json\/wp\/v2\/posts\/6875","targetHints":{"allow":["GET"]}}],"collection":[{"href":"https:\/\/espacolivresergipe.com.br\/index.php\/wp-json\/wp\/v2\/posts"}],"about":[{"href":"https:\/\/espacolivresergipe.com.br\/index.php\/wp-json\/wp\/v2\/types\/post"}],"author":[{"embeddable":true,"href":"https:\/\/espacolivresergipe.com.br\/index.php\/wp-json\/wp\/v2\/users\/2"}],"replies":[{"embeddable":true,"href":"https:\/\/espacolivresergipe.com.br\/index.php\/wp-json\/wp\/v2\/comments?post=6875"}],"version-history":[{"count":1,"href":"https:\/\/espacolivresergipe.com.br\/index.php\/wp-json\/wp\/v2\/posts\/6875\/revisions"}],"predecessor-version":[{"id":6877,"href":"https:\/\/espacolivresergipe.com.br\/index.php\/wp-json\/wp\/v2\/posts\/6875\/revisions\/6877"}],"wp:featuredmedia":[{"embeddable":true,"href":"https:\/\/espacolivresergipe.com.br\/index.php\/wp-json\/wp\/v2\/media\/6876"}],"wp:attachment":[{"href":"https:\/\/espacolivresergipe.com.br\/index.php\/wp-json\/wp\/v2\/media?parent=6875"}],"wp:term":[{"taxonomy":"category","embeddable":true,"href":"https:\/\/espacolivresergipe.com.br\/index.php\/wp-json\/wp\/v2\/categories?post=6875"},{"taxonomy":"post_tag","embeddable":true,"href":"https:\/\/espacolivresergipe.com.br\/index.php\/wp-json\/wp\/v2\/tags?post=6875"}],"curies":[{"name":"wp","href":"https:\/\/api.w.org\/{rel}","templated":true}]}}