{"id":6879,"date":"2025-05-09T13:44:19","date_gmt":"2025-05-09T16:44:19","guid":{"rendered":"https:\/\/espacolivresergipe.com.br\/?p=6879"},"modified":"2025-05-09T13:44:20","modified_gmt":"2025-05-09T16:44:20","slug":"final-de-semana-contara-com-tres-eventos-do-projeto-descubra-aracaju-confira-a-programacao","status":"publish","type":"post","link":"https:\/\/espacolivresergipe.com.br\/index.php\/2025\/05\/09\/final-de-semana-contara-com-tres-eventos-do-projeto-descubra-aracaju-confira-a-programacao\/","title":{"rendered":"Final de semana contar\u00e1 com tr\u00eas eventos do projeto &#8220;Descubra Aracaju&#8221;; confira a programa\u00e7\u00e3o"},"content":{"rendered":"\n<p>Em mais um final de semana, a capital sergipana contar\u00e1 com a realiza\u00e7\u00e3o de tr\u00eas edi\u00e7\u00f5es do projeto permanente \u201cDescubra Aracaju\u201d: Orla do Bairro Industrial, Orla P\u00f4r do Sol e Pra\u00e7a Tobias Barreto. A iniciativa torna-se poss\u00edvel gra\u00e7as a um termo de fomento firmado entre a Prefeitura de Aracaju, por meio da Secretaria Municipal do Turismo (Setur), e a Federa\u00e7\u00e3o do Com\u00e9rcio de Bens, Servi\u00e7os e Turismo do Estado de Sergipe (Fecom\u00e9rcio-SE).<\/p>\n\n\n\n<p>Confira a programa\u00e7\u00e3o completa:<\/p>\n\n\n\n<p>Descubra Aracaju \u2013 Edi\u00e7\u00e3o Orla do Bairro Industrial<\/p>\n\n\n\n<p>Sexta-feira, 09 \u2013 Orla do Bairro Industrial (ao lado do Centro de Artesanato Chica Chaves)<\/p>\n\n\n\n<p>18h30 \u2013 Cebolinha Forr\u00f3 Bis<\/p>\n\n\n\n<p>*O projeto \u201cDescubra Aracaju \u2013 Edi\u00e7\u00e3o Orla do Bairro Industrial\u201d \u00e9 uma iniciativa que acontece sempre na 2\u00aa e 4\u00aa sexta-feira de cada m\u00eas. A iniciativa tamb\u00e9m inclui feira gastron\u00f4mica e de artesanatos, al\u00e9m do Dan\u00e7AJU, mostra de dan\u00e7a com convidados das comunidades, academias, escolas e est\u00fadios de ritmos.<\/p>\n\n\n\n<p>Descubra Aracaju \u2013 Edi\u00e7\u00e3o Orla P\u00f4r do Sol<\/p>\n\n\n\n<p>S\u00e1bado, 10 \u2013 Cal\u00e7ad\u00e3o da Orla P\u00f4r do Sol<\/p>\n\n\n\n<p>16h \u2013 \u00c9lcio Lima<\/p>\n\n\n\n<p>18h15 \u2013 F\u00e1bio Melo<\/p>\n\n\n\n<p>*Todos s\u00e1bados, \u00e0s 16h, a Orla P\u00f4r do Sol se transformar\u00e1 em um verdadeiro ponto de encontro para quem ama a boa m\u00fasica. O fim de tarde ser\u00e1 acompanhado por apresenta\u00e7\u00f5es musicais de tirar o f\u00f4lego. Uma experi\u00eancia \u00fanica \u00e0 beira do rio.<\/p>\n\n\n\n<p>Descubra Aracaju \u2013 Edi\u00e7\u00e3o Pra\u00e7a Tobias Barreto<\/p>\n\n\n\n<p>Domingo, 11 \u2013 Pra\u00e7a Tobias Barreto<\/p>\n\n\n\n<p>16h30 \u2013 Karaok\u00ea<\/p>\n\n\n\n<p>17h30 \u2013 N\u00fabia Faro<\/p>\n\n\n\n<p>19h30 \u2013 Auvanildo<\/p>\n\n\n\n<p>*Aos domingos, o encontro ser\u00e1 na Pra\u00e7a Tobias Barreto, \u00e0s 16h. Haver\u00e1 feiras gastron\u00f4mica e de artesanato, mostra de talentos, shows musicais e o \u201cRevela\u00e7\u00e3o da Pra\u00e7a\u201d, espa\u00e7o reservado para a cantores amadores que desejam soltar a voz. Um evento para reunir todos para momentos inesquec\u00edveis.<\/p>\n\n\n\n<p>Ascom AAN<\/p>\n","protected":false},"excerpt":{"rendered":"<p>Em mais um final de semana, a capital sergipana contar\u00e1 com a realiza\u00e7\u00e3o de tr\u00eas edi\u00e7\u00f5es do projeto permanente \u201cDescubra Aracaju\u201d: Orla do Bairro Industrial, Orla P\u00f4r do Sol e Pra\u00e7a Tobias Barreto. A iniciativa torna-se poss\u00edvel gra\u00e7as a um termo de fomento firmado entre a Prefeitura de Aracaju, por meio da Secretaria Municipal do [&hellip;]<\/p>\n","protected":false},"author":2,"featured_media":6880,"comment_status":"open","ping_status":"open","sticky":false,"template":"","format":"standard","meta":{"footnotes":""},"categories":[11,6,10],"tags":[],"class_list":["post-6879","post","type-post","status-publish","format-standard","has-post-thumbnail","hentry","category-destaque","category-letreiro","category-noticias"],"_links":{"self":[{"href":"https:\/\/espacolivresergipe.com.br\/index.php\/wp-json\/wp\/v2\/posts\/6879","targetHints":{"allow":["GET"]}}],"collection":[{"href":"https:\/\/espacolivresergipe.com.br\/index.php\/wp-json\/wp\/v2\/posts"}],"about":[{"href":"https:\/\/espacolivresergipe.com.br\/index.php\/wp-json\/wp\/v2\/types\/post"}],"author":[{"embeddable":true,"href":"https:\/\/espacolivresergipe.com.br\/index.php\/wp-json\/wp\/v2\/users\/2"}],"replies":[{"embeddable":true,"href":"https:\/\/espacolivresergipe.com.br\/index.php\/wp-json\/wp\/v2\/comments?post=6879"}],"version-history":[{"count":1,"href":"https:\/\/espacolivresergipe.com.br\/index.php\/wp-json\/wp\/v2\/posts\/6879\/revisions"}],"predecessor-version":[{"id":6881,"href":"https:\/\/espacolivresergipe.com.br\/index.php\/wp-json\/wp\/v2\/posts\/6879\/revisions\/6881"}],"wp:featuredmedia":[{"embeddable":true,"href":"https:\/\/espacolivresergipe.com.br\/index.php\/wp-json\/wp\/v2\/media\/6880"}],"wp:attachment":[{"href":"https:\/\/espacolivresergipe.com.br\/index.php\/wp-json\/wp\/v2\/media?parent=6879"}],"wp:term":[{"taxonomy":"category","embeddable":true,"href":"https:\/\/espacolivresergipe.com.br\/index.php\/wp-json\/wp\/v2\/categories?post=6879"},{"taxonomy":"post_tag","embeddable":true,"href":"https:\/\/espacolivresergipe.com.br\/index.php\/wp-json\/wp\/v2\/tags?post=6879"}],"curies":[{"name":"wp","href":"https:\/\/api.w.org\/{rel}","templated":true}]}}