{"id":6885,"date":"2025-05-09T14:41:37","date_gmt":"2025-05-09T17:41:37","guid":{"rendered":"https:\/\/espacolivresergipe.com.br\/?p=6885"},"modified":"2025-05-09T14:41:38","modified_gmt":"2025-05-09T17:41:38","slug":"feirinha-da-gambiarra-chega-a-37a-edicao-com-inscricoes-abertas-para-expositores","status":"publish","type":"post","link":"https:\/\/espacolivresergipe.com.br\/index.php\/2025\/05\/09\/feirinha-da-gambiarra-chega-a-37a-edicao-com-inscricoes-abertas-para-expositores\/","title":{"rendered":"Feirinha da Gambiarra chega \u00e0 37\u00aa edi\u00e7\u00e3o com inscri\u00e7\u00f5es abertas para expositores"},"content":{"rendered":"\n<p>A 37\u00aa edi\u00e7\u00e3o da Feirinha da Gambiarra j\u00e1 tem data marcada: ser\u00e1 no pr\u00f3ximo dia 18 de maio, domingo, das 16h \u00e0s 21h, no Parque da Sementeira, em Aracaju. Com entrada gratuita mediante a doa\u00e7\u00e3o de 1 absorvente, a feira mant\u00e9m seu compromisso com a economia criativa, a diversidade e a solidariedade, ao mesmo tempo em que refor\u00e7a o apoio ao projeto Ciclo Fraterno, que combate a pobreza menstrual.<\/p>\n\n\n\n<p>Voltada para a promo\u00e7\u00e3o de empreendedores locais, artistas e criadores independentes, a Feirinha da Gambiarra re\u00fane a cada edi\u00e7\u00e3o um p\u00fablico diverso em busca de produtos autorais, gastronomia, cultura e afeto. Desde a primeira edi\u00e7\u00e3o, o evento se consolida como uma das principais vitrines da economia criativa no estado de Sergipe.<\/p>\n\n\n\n<p>Inscri\u00e7\u00f5es abertas para expositores<\/p>\n\n\n\n<p>Os interessados em participar como expositores ainda podem se inscrever. A curadoria busca empreendimentos criativos e autorais nas \u00e1reas de arte, moda, design, ilustra\u00e7\u00e3o, decora\u00e7\u00e3o, papelaria, gastronomia, cosm\u00e9ticos naturais, entre outros segmentos que dialoguem com os valores da feira.<\/p>\n\n\n\n<p>As inscri\u00e7\u00f5es devem ser feitas por meio de formul\u00e1rio online, e o link pode ser solicitado diretamente com a produ\u00e7\u00e3o, atrav\u00e9s do perfil oficial no Instagram @feirinhadagambiarra ou por contato direto com a organiza\u00e7\u00e3o, atrav\u00e9s do whatsapp 799659-6902.<\/p>\n\n\n\n<p>A Feirinha da Gambiarra tem como proposta n\u00e3o apenas fomentar o consumo consciente e local, mas tamb\u00e9m fortalecer redes colaborativas e provocar encontros afetivos entre p\u00fablico, artistas e empreendedores.<\/p>\n\n\n\n<p>Obar\u00e1 Comunica\u00e7\u00e3o Integrada<\/p>\n","protected":false},"excerpt":{"rendered":"<p>A 37\u00aa edi\u00e7\u00e3o da Feirinha da Gambiarra j\u00e1 tem data marcada: ser\u00e1 no pr\u00f3ximo dia 18 de maio, domingo, das 16h \u00e0s 21h, no Parque da Sementeira, em Aracaju. Com entrada gratuita mediante a doa\u00e7\u00e3o de 1 absorvente, a feira mant\u00e9m seu compromisso com a economia criativa, a diversidade e a solidariedade, ao mesmo tempo [&hellip;]<\/p>\n","protected":false},"author":2,"featured_media":6886,"comment_status":"open","ping_status":"open","sticky":false,"template":"","format":"standard","meta":{"footnotes":""},"categories":[13,10],"tags":[],"class_list":["post-6885","post","type-post","status-publish","format-standard","has-post-thumbnail","hentry","category-acontece","category-noticias"],"_links":{"self":[{"href":"https:\/\/espacolivresergipe.com.br\/index.php\/wp-json\/wp\/v2\/posts\/6885","targetHints":{"allow":["GET"]}}],"collection":[{"href":"https:\/\/espacolivresergipe.com.br\/index.php\/wp-json\/wp\/v2\/posts"}],"about":[{"href":"https:\/\/espacolivresergipe.com.br\/index.php\/wp-json\/wp\/v2\/types\/post"}],"author":[{"embeddable":true,"href":"https:\/\/espacolivresergipe.com.br\/index.php\/wp-json\/wp\/v2\/users\/2"}],"replies":[{"embeddable":true,"href":"https:\/\/espacolivresergipe.com.br\/index.php\/wp-json\/wp\/v2\/comments?post=6885"}],"version-history":[{"count":1,"href":"https:\/\/espacolivresergipe.com.br\/index.php\/wp-json\/wp\/v2\/posts\/6885\/revisions"}],"predecessor-version":[{"id":6887,"href":"https:\/\/espacolivresergipe.com.br\/index.php\/wp-json\/wp\/v2\/posts\/6885\/revisions\/6887"}],"wp:featuredmedia":[{"embeddable":true,"href":"https:\/\/espacolivresergipe.com.br\/index.php\/wp-json\/wp\/v2\/media\/6886"}],"wp:attachment":[{"href":"https:\/\/espacolivresergipe.com.br\/index.php\/wp-json\/wp\/v2\/media?parent=6885"}],"wp:term":[{"taxonomy":"category","embeddable":true,"href":"https:\/\/espacolivresergipe.com.br\/index.php\/wp-json\/wp\/v2\/categories?post=6885"},{"taxonomy":"post_tag","embeddable":true,"href":"https:\/\/espacolivresergipe.com.br\/index.php\/wp-json\/wp\/v2\/tags?post=6885"}],"curies":[{"name":"wp","href":"https:\/\/api.w.org\/{rel}","templated":true}]}}