{"id":6891,"date":"2025-05-09T15:02:04","date_gmt":"2025-05-09T18:02:04","guid":{"rendered":"https:\/\/espacolivresergipe.com.br\/?p=6891"},"modified":"2025-05-09T15:02:06","modified_gmt":"2025-05-09T18:02:06","slug":"cra-se-coloca-corpo-tecnico-a-disposicao-de-oficina-incendiada-em-aracaju","status":"publish","type":"post","link":"https:\/\/espacolivresergipe.com.br\/index.php\/2025\/05\/09\/cra-se-coloca-corpo-tecnico-a-disposicao-de-oficina-incendiada-em-aracaju\/","title":{"rendered":"CRA-SE coloca corpo t\u00e9cnico a disposi\u00e7\u00e3o de oficina incendiada em Aracaju"},"content":{"rendered":"\n<p>Ap\u00f3s um inc\u00eandio de grandes propor\u00e7\u00f5es atingir a oficina Divina Car Solu\u00e7\u00f5es no \u00faltimo \u00faltimo s\u00e1bado, 3, o Conselho Regional de Administra\u00e7\u00e3o de Sergipe (CRA-SE) colocou seu corpo t\u00e9cnico e institucional a disposi\u00e7\u00e3o do empreendedor que teve seu meio de sobreviv\u00eancia devastado. A empresa fica localizada no bairro Orlando Dantas, em Aracaju.<\/p>\n\n\n\n<p>O presidente do CRA-SE, Adm. Gildson Mendes, junto com o vice-presidente, Adm. Renan Tavares, estiveram no local e afirmaram que o conselho est\u00e1 colocando \u00e0 disposi\u00e7\u00e3o sua equipe t\u00e9cnica e sua capacidade de gest\u00e3o para planejar e gerir os recursos arrecadados na reconstru\u00e7\u00e3o da empresa, que teve um preju\u00edzo estimado em mais de R$ 500 mil.<\/p>\n\n\n\n<p>&#8220;Estamos aqui para dar suporte t\u00e9cnico e fazer o que temos de melhor: oferecer nossa m\u00e3o de obra e capacidade de gest\u00e3o. Vamos disponibilizar nosso corpo t\u00e9cnico e tamb\u00e9m tentar mobilizar nossos registrados, pessoas f\u00edsicas e jur\u00eddicas, para ajudar esse empres\u00e1rio a se reerguer&#8221;, declarou Gildson.<\/p>\n\n\n\n<p>O CRA-SE tamb\u00e9m criar\u00e1 uma campanha de arrecada\u00e7\u00e3o de fundos junto aos registrados, como forma de solidariedade e apoio \u00e0 retomada das atividades da oficina. O inc\u00eandio causou como\u00e7\u00e3o em torno do caso e mobilizou diversos nomes da sociedade sergipana, como os influenciadores Agamenon Almeida Filho (Agabas) e Carlos Maynard (Pokas) que se uniram \u00e0 campanha, ajudando a divulgar um Pix solid\u00e1rio destinado \u00e0 arrecada\u00e7\u00e3o de recursos para reconstru\u00e7\u00e3o do neg\u00f3cio.<\/p>\n\n\n\n<p>Em suas redes sociais, o empreendedor conhecido como Tico fez um apelo comovente. &#8220;Ver tudo virar cinzas do dia para a noite \u00e9 devastador. Criamos essa vaquinha para tentar juntar recursos e ajudar a recome\u00e7ar. Qualquer valor, por menor que seja, j\u00e1 \u00e9 uma grande ajuda. Se n\u00e3o puder contribuir com dinheiro, pedimos que compartilhe. Vamos juntos ajudar a reconstruir esse sonho.&#8221;<\/p>\n\n\n\n<p>A chave Pix solid\u00e1ria \u00e9: 79 99979-9442, no Banco PicPay, em nome de Kelbert Gouveia Falc\u00e3o.<\/p>\n\n\n\n<p>Ascom CRA-SE<\/p>\n","protected":false},"excerpt":{"rendered":"<p>Ap\u00f3s um inc\u00eandio de grandes propor\u00e7\u00f5es atingir a oficina Divina Car Solu\u00e7\u00f5es no \u00faltimo \u00faltimo s\u00e1bado, 3, o Conselho Regional de Administra\u00e7\u00e3o de Sergipe (CRA-SE) colocou seu corpo t\u00e9cnico e institucional a disposi\u00e7\u00e3o do empreendedor que teve seu meio de sobreviv\u00eancia devastado. A empresa fica localizada no bairro Orlando Dantas, em Aracaju. O presidente do [&hellip;]<\/p>\n","protected":false},"author":2,"featured_media":6892,"comment_status":"open","ping_status":"open","sticky":false,"template":"","format":"standard","meta":{"footnotes":""},"categories":[13,10],"tags":[],"class_list":["post-6891","post","type-post","status-publish","format-standard","has-post-thumbnail","hentry","category-acontece","category-noticias"],"_links":{"self":[{"href":"https:\/\/espacolivresergipe.com.br\/index.php\/wp-json\/wp\/v2\/posts\/6891","targetHints":{"allow":["GET"]}}],"collection":[{"href":"https:\/\/espacolivresergipe.com.br\/index.php\/wp-json\/wp\/v2\/posts"}],"about":[{"href":"https:\/\/espacolivresergipe.com.br\/index.php\/wp-json\/wp\/v2\/types\/post"}],"author":[{"embeddable":true,"href":"https:\/\/espacolivresergipe.com.br\/index.php\/wp-json\/wp\/v2\/users\/2"}],"replies":[{"embeddable":true,"href":"https:\/\/espacolivresergipe.com.br\/index.php\/wp-json\/wp\/v2\/comments?post=6891"}],"version-history":[{"count":1,"href":"https:\/\/espacolivresergipe.com.br\/index.php\/wp-json\/wp\/v2\/posts\/6891\/revisions"}],"predecessor-version":[{"id":6893,"href":"https:\/\/espacolivresergipe.com.br\/index.php\/wp-json\/wp\/v2\/posts\/6891\/revisions\/6893"}],"wp:featuredmedia":[{"embeddable":true,"href":"https:\/\/espacolivresergipe.com.br\/index.php\/wp-json\/wp\/v2\/media\/6892"}],"wp:attachment":[{"href":"https:\/\/espacolivresergipe.com.br\/index.php\/wp-json\/wp\/v2\/media?parent=6891"}],"wp:term":[{"taxonomy":"category","embeddable":true,"href":"https:\/\/espacolivresergipe.com.br\/index.php\/wp-json\/wp\/v2\/categories?post=6891"},{"taxonomy":"post_tag","embeddable":true,"href":"https:\/\/espacolivresergipe.com.br\/index.php\/wp-json\/wp\/v2\/tags?post=6891"}],"curies":[{"name":"wp","href":"https:\/\/api.w.org\/{rel}","templated":true}]}}