{"id":6930,"date":"2025-05-10T06:19:39","date_gmt":"2025-05-10T09:19:39","guid":{"rendered":"https:\/\/espacolivresergipe.com.br\/?p=6930"},"modified":"2025-05-10T06:19:40","modified_gmt":"2025-05-10T09:19:40","slug":"tce-realiza-concorrencia-eletronica-para-construcao-de-usina-fotovoltaica-no-dia-12-de-maio","status":"publish","type":"post","link":"https:\/\/espacolivresergipe.com.br\/index.php\/2025\/05\/10\/tce-realiza-concorrencia-eletronica-para-construcao-de-usina-fotovoltaica-no-dia-12-de-maio\/","title":{"rendered":"TCE realiza concorr\u00eancia eletr\u00f4nica para constru\u00e7\u00e3o de usina fotovoltaica no dia 12 de maio"},"content":{"rendered":"\n<p>Na pr\u00f3xima segunda-feira, dia 12 de maio, \u00e0s 8h, o Tribunal de Contas do Estado de Sergipe (TCE\/SE) realizar\u00e1 a sess\u00e3o da Concorr\u00eancia Eletr\u00f4nica para a constru\u00e7\u00e3o de uma usina fotovoltaica, por meio de estacionamento solar.<\/p>\n\n\n\n<p>O projeto integra as a\u00e7\u00f5es do \u00f3rg\u00e3o voltadas \u00e0 sustentabilidade e \u00e0 moderniza\u00e7\u00e3o da gest\u00e3o p\u00fablica.<\/p>\n\n\n\n<p>Com a implanta\u00e7\u00e3o da usina, o TCE\/SE prev\u00ea uma significativa redu\u00e7\u00e3o nos custos com energia el\u00e9trica, promovendo o uso eficiente dos recursos p\u00fablicos.<\/p>\n\n\n\n<p>&#8220;A economia gerada permitir\u00e1 um maior investimento nas nossas atividades final\u00edsticas, al\u00e9m de contribuir com a preserva\u00e7\u00e3o do meio ambiente ao adotar uma fonte de energia limpa e renov\u00e1vel&#8221;, afirma a presidente do TCE, conselheira Susana Azevedo.<\/p>\n\n\n\n<p>A iniciativa tamb\u00e9m abrange melhorias nos sistemas de ilumina\u00e7\u00e3o e climatiza\u00e7\u00e3o da sede do Tribunal, combatendo o desperd\u00edcio e aumentando a efici\u00eancia energ\u00e9tica do \u00f3rg\u00e3o.<\/p>\n\n\n\n<p>O edital completo com as orienta\u00e7\u00f5es para participa\u00e7\u00e3o est\u00e1 dispon\u00edvel na p\u00e1gina inicial do site oficial do TCE\/SE, acessando o banner &#8220;Concorr\u00eancia Eletr\u00f4nica&#8221;.<\/p>\n\n\n\n<p>As propostas devem ser enviadas por meio do portal: www.gov.br\/compras.<\/p>\n\n\n\n<p>Texto: Luana Maria<\/p>\n","protected":false},"excerpt":{"rendered":"<p>Na pr\u00f3xima segunda-feira, dia 12 de maio, \u00e0s 8h, o Tribunal de Contas do Estado de Sergipe (TCE\/SE) realizar\u00e1 a sess\u00e3o da Concorr\u00eancia Eletr\u00f4nica para a constru\u00e7\u00e3o de uma usina fotovoltaica, por meio de estacionamento solar. O projeto integra as a\u00e7\u00f5es do \u00f3rg\u00e3o voltadas \u00e0 sustentabilidade e \u00e0 moderniza\u00e7\u00e3o da gest\u00e3o p\u00fablica. Com a implanta\u00e7\u00e3o [&hellip;]<\/p>\n","protected":false},"author":2,"featured_media":6931,"comment_status":"open","ping_status":"open","sticky":false,"template":"","format":"standard","meta":{"footnotes":""},"categories":[12,6,2],"tags":[],"class_list":["post-6930","post","type-post","status-publish","format-standard","has-post-thumbnail","hentry","category-agora","category-letreiro","category-politica"],"_links":{"self":[{"href":"https:\/\/espacolivresergipe.com.br\/index.php\/wp-json\/wp\/v2\/posts\/6930","targetHints":{"allow":["GET"]}}],"collection":[{"href":"https:\/\/espacolivresergipe.com.br\/index.php\/wp-json\/wp\/v2\/posts"}],"about":[{"href":"https:\/\/espacolivresergipe.com.br\/index.php\/wp-json\/wp\/v2\/types\/post"}],"author":[{"embeddable":true,"href":"https:\/\/espacolivresergipe.com.br\/index.php\/wp-json\/wp\/v2\/users\/2"}],"replies":[{"embeddable":true,"href":"https:\/\/espacolivresergipe.com.br\/index.php\/wp-json\/wp\/v2\/comments?post=6930"}],"version-history":[{"count":1,"href":"https:\/\/espacolivresergipe.com.br\/index.php\/wp-json\/wp\/v2\/posts\/6930\/revisions"}],"predecessor-version":[{"id":6932,"href":"https:\/\/espacolivresergipe.com.br\/index.php\/wp-json\/wp\/v2\/posts\/6930\/revisions\/6932"}],"wp:featuredmedia":[{"embeddable":true,"href":"https:\/\/espacolivresergipe.com.br\/index.php\/wp-json\/wp\/v2\/media\/6931"}],"wp:attachment":[{"href":"https:\/\/espacolivresergipe.com.br\/index.php\/wp-json\/wp\/v2\/media?parent=6930"}],"wp:term":[{"taxonomy":"category","embeddable":true,"href":"https:\/\/espacolivresergipe.com.br\/index.php\/wp-json\/wp\/v2\/categories?post=6930"},{"taxonomy":"post_tag","embeddable":true,"href":"https:\/\/espacolivresergipe.com.br\/index.php\/wp-json\/wp\/v2\/tags?post=6930"}],"curies":[{"name":"wp","href":"https:\/\/api.w.org\/{rel}","templated":true}]}}