{"id":6939,"date":"2025-05-10T06:47:37","date_gmt":"2025-05-10T09:47:37","guid":{"rendered":"https:\/\/espacolivresergipe.com.br\/?p=6939"},"modified":"2025-05-10T06:47:38","modified_gmt":"2025-05-10T09:47:38","slug":"levantamento-da-cnc-apnta-que-dia-das-maes-aquece-as-vendas-do-comercio","status":"publish","type":"post","link":"https:\/\/espacolivresergipe.com.br\/index.php\/2025\/05\/10\/levantamento-da-cnc-apnta-que-dia-das-maes-aquece-as-vendas-do-comercio\/","title":{"rendered":"Levantamento da CNC apnta que Dia das M\u00e3es aquece as vendas do com\u00e9rcio"},"content":{"rendered":"\n<p>O Dia das M\u00e3es, comemorado nesse domingo (11), \u00e9 uma das datas mais esperadas pelo com\u00e9rcio e costuma ser sin\u00f4nimo de aumento nas vendas e visibilidade para os pequenos neg\u00f3cios. Segundo a Confedera\u00e7\u00e3o Nacional do Com\u00e9rcio de Bens, Servi\u00e7os e Turismo, as vendas deste ano devem registrar uma alta de 1,9% em rela\u00e7\u00e3o ao ano anterior.<\/p>\n\n\n\n<p>O ramo de vestu\u00e1rio, cal\u00e7ados e acess\u00f3rios deve ter a maior previs\u00e3o de faturamento, seguido do setor de farm\u00e1cias, perfumarias e cosm\u00e9ticos. O gerente de Relacionamento do Sebrae, Enio Pinto, destaca tamb\u00e9m o setor de experi\u00eancias como um diferencial na hora de presentear.<\/p>\n\n\n\n<p>\u201cO cliente paga o pre\u00e7o como sempre, mas quer receber valor. E o valor \u00e9 uma equa\u00e7\u00e3o simples: \u00e9 a entrega do benef\u00edcio que ele est\u00e1 querendo adquirir, por meio de uma viv\u00eancia, de uma experi\u00eancia memor\u00e1vel e incr\u00edvel. Vivemos o que os especialistas tamb\u00e9m chamam de uma \u2018servitiza\u00e7\u00e3o\u2019 da economia, produtos virando servi\u00e7o\u201d, analisa.<\/p>\n\n\n\n<p>Para as floriculturas, o Dia das M\u00e3es \u00e9 a data mais expressiva do ano, quando se trata de volume de vendas. A empreendedora Bruna Rodrigues est\u00e1 \u00e0 frente, h\u00e1 11 anos, da Flora de S\u00e9rie. O estabelecimento prepara lan\u00e7amentos especiais para a data comemorativa. \u201cA nossa expectativa \u00e9 alt\u00edssima. A gente fez um lan\u00e7amento, um novo arranjo com flores cl\u00e1ssicas, em um design contempor\u00e2neo que \u00e9 a assinatura da Flora de S\u00e9rie\u201d, projeta Bruna.<\/p>\n\n\n\n<p>Erros comuns<\/p>\n\n\n\n<p>Os empreendedores devem ficar atentos para evitar tr\u00eas erros comuns: mix de produtos, prepara\u00e7\u00e3o da equipe e ambiente de vendas. \u201cN\u00e3o ter um mix de produtos adequado para o cliente \u00e9 resultado da desatualiza\u00e7\u00e3o das tend\u00eancias na \u00e1rea de atua\u00e7\u00e3o e da desaten\u00e7\u00e3o ao hist\u00f3rico de consumo do cliente. Um outro erro muito comum \u00e9 voc\u00ea n\u00e3o ter a sua equipe preparada, n\u00e3o estar capacitada, treinada para fazer vendas simult\u00e2neas, vendas concomitantes\u201d, afirma Enio Pinto, gerente de Atendimento ao Cliente do Sebrae.<\/p>\n\n\n\n<p>Fonte e foto: Sebrae<\/p>\n","protected":false},"excerpt":{"rendered":"<p>O Dia das M\u00e3es, comemorado nesse domingo (11), \u00e9 uma das datas mais esperadas pelo com\u00e9rcio e costuma ser sin\u00f4nimo de aumento nas vendas e visibilidade para os pequenos neg\u00f3cios. Segundo a Confedera\u00e7\u00e3o Nacional do Com\u00e9rcio de Bens, Servi\u00e7os e Turismo, as vendas deste ano devem registrar uma alta de 1,9% em rela\u00e7\u00e3o ao ano [&hellip;]<\/p>\n","protected":false},"author":2,"featured_media":6940,"comment_status":"open","ping_status":"open","sticky":false,"template":"","format":"standard","meta":{"footnotes":""},"categories":[13,4],"tags":[],"class_list":["post-6939","post","type-post","status-publish","format-standard","has-post-thumbnail","hentry","category-acontece","category-economia"],"_links":{"self":[{"href":"https:\/\/espacolivresergipe.com.br\/index.php\/wp-json\/wp\/v2\/posts\/6939","targetHints":{"allow":["GET"]}}],"collection":[{"href":"https:\/\/espacolivresergipe.com.br\/index.php\/wp-json\/wp\/v2\/posts"}],"about":[{"href":"https:\/\/espacolivresergipe.com.br\/index.php\/wp-json\/wp\/v2\/types\/post"}],"author":[{"embeddable":true,"href":"https:\/\/espacolivresergipe.com.br\/index.php\/wp-json\/wp\/v2\/users\/2"}],"replies":[{"embeddable":true,"href":"https:\/\/espacolivresergipe.com.br\/index.php\/wp-json\/wp\/v2\/comments?post=6939"}],"version-history":[{"count":1,"href":"https:\/\/espacolivresergipe.com.br\/index.php\/wp-json\/wp\/v2\/posts\/6939\/revisions"}],"predecessor-version":[{"id":6941,"href":"https:\/\/espacolivresergipe.com.br\/index.php\/wp-json\/wp\/v2\/posts\/6939\/revisions\/6941"}],"wp:featuredmedia":[{"embeddable":true,"href":"https:\/\/espacolivresergipe.com.br\/index.php\/wp-json\/wp\/v2\/media\/6940"}],"wp:attachment":[{"href":"https:\/\/espacolivresergipe.com.br\/index.php\/wp-json\/wp\/v2\/media?parent=6939"}],"wp:term":[{"taxonomy":"category","embeddable":true,"href":"https:\/\/espacolivresergipe.com.br\/index.php\/wp-json\/wp\/v2\/categories?post=6939"},{"taxonomy":"post_tag","embeddable":true,"href":"https:\/\/espacolivresergipe.com.br\/index.php\/wp-json\/wp\/v2\/tags?post=6939"}],"curies":[{"name":"wp","href":"https:\/\/api.w.org\/{rel}","templated":true}]}}