{"id":6942,"date":"2025-05-10T06:59:24","date_gmt":"2025-05-10T09:59:24","guid":{"rendered":"https:\/\/espacolivresergipe.com.br\/?p=6942"},"modified":"2025-05-10T06:59:25","modified_gmt":"2025-05-10T09:59:25","slug":"feirinha-ctc-sera-realizada-neste-sabado-com-apoio-da-prefeitura-de-aracaju","status":"publish","type":"post","link":"https:\/\/espacolivresergipe.com.br\/index.php\/2025\/05\/10\/feirinha-ctc-sera-realizada-neste-sabado-com-apoio-da-prefeitura-de-aracaju\/","title":{"rendered":"Feirinha CTC ser\u00e1 realizada neste s\u00e1bado com apoio da Prefeitura de Aracaju"},"content":{"rendered":"\n<p>A Pra\u00e7a Zilda Arns, no bairro Jardins, ser\u00e1 palco neste s\u00e1bado, 10 de maio, da primeira edi\u00e7\u00e3o da Feira CTC \u2013 Coletivo Territorial Cultural, um novo espa\u00e7o dedicado \u00e0 cultura, \u00e0 criatividade e ao empreendedorismo local. Com in\u00edcio \u00e0s 16h e encerramento \u00e0s 22h, o evento conta com o apoio da Prefeitura de Aracaju, por meio da Empresa Municipal de Servi\u00e7os Urbanos (Emsurb), que viabilizou a estrutura e libera\u00e7\u00e3o do espa\u00e7o p\u00fablico para a realiza\u00e7\u00e3o da feira.<\/p>\n\n\n\n<p>A feira vai reunir dezenas de expositores com produtos criativos e autorais, como gastronomia regional, itens de decora\u00e7\u00e3o, arte, moda, bem-estar e muito mais. O p\u00fablico poder\u00e1 desfrutar de uma tarde e noite repleta de cultura, movimenta\u00e7\u00e3o econ\u00f4mica e lazer ao ar livre.<\/p>\n\n\n\n<p>Idealizada pelo Coletivo Territorial Cultural (CTC), a iniciativa busca valorizar a produ\u00e7\u00e3o local, promover novas oportunidades para pequenos empreendedores e fortalecer a identidade cultural da cidade. A proposta \u00e9 realizar edi\u00e7\u00f5es mensais, sempre pr\u00f3ximas a datas comemorativas, tornando-se mais um atrativo no calend\u00e1rio de eventos da capital sergipana.<\/p>\n\n\n\n<p>O diretor da Diretoria de Espa\u00e7os P\u00fablicos e Abastecimento (DIREPA), Bertulino&nbsp; Menezes, destacou a import\u00e2ncia da parceria com projetos culturais. \u201cApoiar eventos como esse refor\u00e7a o compromisso da Prefeitura com a democratiza\u00e7\u00e3o dos espa\u00e7os p\u00fablicos e o incentivo \u00e0 economia criativa local\u201d, afirmou.<\/p>\n\n\n\n<p>Foto Ascom\/Emsurb<\/p>\n","protected":false},"excerpt":{"rendered":"<p>A Pra\u00e7a Zilda Arns, no bairro Jardins, ser\u00e1 palco neste s\u00e1bado, 10 de maio, da primeira edi\u00e7\u00e3o da Feira CTC \u2013 Coletivo Territorial Cultural, um novo espa\u00e7o dedicado \u00e0 cultura, \u00e0 criatividade e ao empreendedorismo local. Com in\u00edcio \u00e0s 16h e encerramento \u00e0s 22h, o evento conta com o apoio da Prefeitura de Aracaju, por [&hellip;]<\/p>\n","protected":false},"author":2,"featured_media":6943,"comment_status":"open","ping_status":"open","sticky":false,"template":"","format":"standard","meta":{"footnotes":""},"categories":[12,6,10],"tags":[],"class_list":["post-6942","post","type-post","status-publish","format-standard","has-post-thumbnail","hentry","category-agora","category-letreiro","category-noticias"],"_links":{"self":[{"href":"https:\/\/espacolivresergipe.com.br\/index.php\/wp-json\/wp\/v2\/posts\/6942","targetHints":{"allow":["GET"]}}],"collection":[{"href":"https:\/\/espacolivresergipe.com.br\/index.php\/wp-json\/wp\/v2\/posts"}],"about":[{"href":"https:\/\/espacolivresergipe.com.br\/index.php\/wp-json\/wp\/v2\/types\/post"}],"author":[{"embeddable":true,"href":"https:\/\/espacolivresergipe.com.br\/index.php\/wp-json\/wp\/v2\/users\/2"}],"replies":[{"embeddable":true,"href":"https:\/\/espacolivresergipe.com.br\/index.php\/wp-json\/wp\/v2\/comments?post=6942"}],"version-history":[{"count":1,"href":"https:\/\/espacolivresergipe.com.br\/index.php\/wp-json\/wp\/v2\/posts\/6942\/revisions"}],"predecessor-version":[{"id":6944,"href":"https:\/\/espacolivresergipe.com.br\/index.php\/wp-json\/wp\/v2\/posts\/6942\/revisions\/6944"}],"wp:featuredmedia":[{"embeddable":true,"href":"https:\/\/espacolivresergipe.com.br\/index.php\/wp-json\/wp\/v2\/media\/6943"}],"wp:attachment":[{"href":"https:\/\/espacolivresergipe.com.br\/index.php\/wp-json\/wp\/v2\/media?parent=6942"}],"wp:term":[{"taxonomy":"category","embeddable":true,"href":"https:\/\/espacolivresergipe.com.br\/index.php\/wp-json\/wp\/v2\/categories?post=6942"},{"taxonomy":"post_tag","embeddable":true,"href":"https:\/\/espacolivresergipe.com.br\/index.php\/wp-json\/wp\/v2\/tags?post=6942"}],"curies":[{"name":"wp","href":"https:\/\/api.w.org\/{rel}","templated":true}]}}