{"id":6945,"date":"2025-05-10T07:12:08","date_gmt":"2025-05-10T10:12:08","guid":{"rendered":"https:\/\/espacolivresergipe.com.br\/?p=6945"},"modified":"2025-05-10T07:13:40","modified_gmt":"2025-05-10T10:13:40","slug":"durante-o-encontro-foi-apresentado-o-funcionamento-do-monitoramento-entre-a-alta-gestao","status":"publish","type":"post","link":"https:\/\/espacolivresergipe.com.br\/index.php\/2025\/05\/10\/durante-o-encontro-foi-apresentado-o-funcionamento-do-monitoramento-entre-a-alta-gestao\/","title":{"rendered":"Governadora em exerc\u00edcio conhece planejamento estrat\u00e9gico de projetos de Sergipe"},"content":{"rendered":"\n<p>A governadora em exerc\u00edcio, Iolanda Guimar\u00e3es, realizou nesta sexta-feira, 9, uma visita institucional \u00e0 Secretaria Especial de Planejamento, Or\u00e7amento e Inova\u00e7\u00e3o (Seplan), vinculada \u00e0 Secretaria de Estado da Casa Civil, com objetivo de conhecer em profundidade como \u00e9 executado o planejamento estrat\u00e9gico e o monitoramento ativo dos projetos e metas do Governo do Estado.<\/p>\n\n\n\n<p>Recepcionada pelos secret\u00e1rios da Casa Civil, Jorginho Ara\u00fajo, e da Seplan, Julio Filgueira, al\u00e9m da equipe t\u00e9cnica da secretaria, a governadora em exerc\u00edcio teve a oportunidade de entender mais sobre a constru\u00e7\u00e3o dos projetos e metas para o per\u00edodo de 2023 a 2026. Ela tamb\u00e9m p\u00f4de compreender o funcionamento do monitoramento entre a alta gest\u00e3o e as secretarias e \u00f3rg\u00e3os do Estado.<\/p>\n\n\n\n<p>Iolanda teve acesso \u00e0 plataforma utilizada pelo Governo do Estado para examinar em tempo real o andamento das a\u00e7\u00f5es, que tamb\u00e9m fornece atas, relat\u00f3rios e diversos outros recursos essenciais a um monitoramento ativo mais eficiente e com foco no resultado.<\/p>\n\n\n\n<p>&nbsp;\u201cEstou muito feliz em ver como o Estado est\u00e1 avan\u00e7ado no planejamento estrat\u00e9gico, inclusive tenho interesse em implantar todo esse processo no Tribunal de Justi\u00e7a tamb\u00e9m, por entender sua import\u00e2ncia e funcionalidade, e vou me inspirar no que tem sido feito aqui. O Governo do Estado est\u00e1 de parab\u00e9ns, foi uma surpresa muito positiva ver como voc\u00eas est\u00e3o alinhados e empenhados nesse processo\u201d, afirmou.<\/p>\n\n\n\n<p>Para o secret\u00e1rio Julio Filgueira, receber a governadora em exerc\u00edcio para conhecer todo o trabalho desenvolvido pela Seplan e sua equipe \u00e9 motivo de grande satisfa\u00e7\u00e3o.<\/p>\n\n\n\n<p>\u201cPara n\u00f3s, \u00e9 uma honra apresentar parte de como desenvolvemos esse trabalho. O planejamento estrat\u00e9gico nos orienta sobre onde queremos chegar e como vamos atuar para alcan\u00e7ar nossos objetivos. Direciona a\u00e7\u00f5es, garante uma gest\u00e3o focada em resultados e contribui para que programas de governo amadure\u00e7am e se transformem em pol\u00edticas de Estado\u201d, destacou.<\/p>\n\n\n\n<p>Foto: Robert Silva\/Seplan<\/p>\n","protected":false},"excerpt":{"rendered":"<p>A governadora em exerc\u00edcio, Iolanda Guimar\u00e3es, realizou nesta sexta-feira, 9, uma visita institucional \u00e0 Secretaria Especial de Planejamento, Or\u00e7amento e Inova\u00e7\u00e3o (Seplan), vinculada \u00e0 Secretaria de Estado da Casa Civil, com objetivo de conhecer em profundidade como \u00e9 executado o planejamento estrat\u00e9gico e o monitoramento ativo dos projetos e metas do Governo do Estado. Recepcionada [&hellip;]<\/p>\n","protected":false},"author":2,"featured_media":6946,"comment_status":"open","ping_status":"open","sticky":false,"template":"","format":"standard","meta":{"footnotes":""},"categories":[13,2],"tags":[],"class_list":["post-6945","post","type-post","status-publish","format-standard","has-post-thumbnail","hentry","category-acontece","category-politica"],"_links":{"self":[{"href":"https:\/\/espacolivresergipe.com.br\/index.php\/wp-json\/wp\/v2\/posts\/6945","targetHints":{"allow":["GET"]}}],"collection":[{"href":"https:\/\/espacolivresergipe.com.br\/index.php\/wp-json\/wp\/v2\/posts"}],"about":[{"href":"https:\/\/espacolivresergipe.com.br\/index.php\/wp-json\/wp\/v2\/types\/post"}],"author":[{"embeddable":true,"href":"https:\/\/espacolivresergipe.com.br\/index.php\/wp-json\/wp\/v2\/users\/2"}],"replies":[{"embeddable":true,"href":"https:\/\/espacolivresergipe.com.br\/index.php\/wp-json\/wp\/v2\/comments?post=6945"}],"version-history":[{"count":2,"href":"https:\/\/espacolivresergipe.com.br\/index.php\/wp-json\/wp\/v2\/posts\/6945\/revisions"}],"predecessor-version":[{"id":6949,"href":"https:\/\/espacolivresergipe.com.br\/index.php\/wp-json\/wp\/v2\/posts\/6945\/revisions\/6949"}],"wp:featuredmedia":[{"embeddable":true,"href":"https:\/\/espacolivresergipe.com.br\/index.php\/wp-json\/wp\/v2\/media\/6946"}],"wp:attachment":[{"href":"https:\/\/espacolivresergipe.com.br\/index.php\/wp-json\/wp\/v2\/media?parent=6945"}],"wp:term":[{"taxonomy":"category","embeddable":true,"href":"https:\/\/espacolivresergipe.com.br\/index.php\/wp-json\/wp\/v2\/categories?post=6945"},{"taxonomy":"post_tag","embeddable":true,"href":"https:\/\/espacolivresergipe.com.br\/index.php\/wp-json\/wp\/v2\/tags?post=6945"}],"curies":[{"name":"wp","href":"https:\/\/api.w.org\/{rel}","templated":true}]}}