{"id":6954,"date":"2025-05-10T08:16:39","date_gmt":"2025-05-10T11:16:39","guid":{"rendered":"https:\/\/espacolivresergipe.com.br\/?p=6954"},"modified":"2025-05-10T08:16:40","modified_gmt":"2025-05-10T11:16:40","slug":"governo-participa-de-assembleia-do-consorcio-do-transporte-com-prefeituras","status":"publish","type":"post","link":"https:\/\/espacolivresergipe.com.br\/index.php\/2025\/05\/10\/governo-participa-de-assembleia-do-consorcio-do-transporte-com-prefeituras\/","title":{"rendered":"Governo participa de assembleia do Cons\u00f3rcio do Transporte com prefeituras"},"content":{"rendered":"\n<p>O Governo de Sergipe, representado pela Secretaria Especial de Planejamento, Or\u00e7amento e Inova\u00e7\u00e3o (Seplan), participou nesta sexta-feira (09), da Assembleia Ordin\u00e1ria do Cons\u00f3rcio de Transporte P\u00fablico Metropolitano (CTM), realizada na Prefeitura de Aracaju.<\/p>\n\n\n\n<p>Essa foi a quarta assembleia deste ano de 2025, e teve como objetivo a an\u00e1lise e delibera\u00e7\u00e3o a respeito da Decis\u00e3o do Tribunal de Contas do Estado de Sergipe e o pedido formulado pelo Minist\u00e9rio P\u00fablico do Estado de Sergipe, tema que foi retirado de pauta e que dever\u00e1 compor a Ordem do Dia da pr\u00f3xima reuni\u00e3o, em junho. &nbsp;<\/p>\n\n\n\n<p>Na reuni\u00e3o, foi encaminhada a institui\u00e7\u00e3o de um Grupo de Trabalho, composto por procuradores ou representantes dos consorciados, j\u00e1 definido em sess\u00e3o anterior, para a assist\u00eancia t\u00e9cnico-jur\u00eddica e o acompanhamento das delibera\u00e7\u00f5es dos entes, seja com rela\u00e7\u00e3o \u00e0s quest\u00f5es que envolvem a licita\u00e7\u00e3o, ao regimento do Cons\u00f3rcio ou aos novos estudos t\u00e9cnicos, com primeira reuni\u00e3o prevista para 16 de maio.<\/p>\n\n\n\n<p>Tamb\u00e9m foi anunciada a contrata\u00e7\u00e3o da Funda\u00e7\u00e3o Instituto de Pesquisas Econ\u00f4micas (Fipe), \u00f3rg\u00e3o vinculado \u00e0 Universidade de S\u00e3o Paulo (USP), com recursos da Prefeitura de Aracaju, para a realiza\u00e7\u00e3o de estudos t\u00e9cnicos&nbsp; que subsidiem o debate acerca do modelo de licita\u00e7\u00e3o do transporte coletivo.<\/p>\n\n\n\n<p>Durante a assembleia, tamb\u00e9m foi apresentado relat\u00f3rio sucinto acerca das despesas operacionais do Cons\u00f3rcio.<\/p>\n\n\n\n<p>&nbsp;\u201cEstas assembleias gerais s\u00e3o fundamentais para que se construam consensos progressivos em torno dos encaminhamentos que envolvem o transporte metropolitano, e essa tem sido a postura de todos os cinco entes. A opini\u00e3o do Estado tem sido a de garantir que tenhamos a m\u00e1xima seguran\u00e7a t\u00e9cnica e jur\u00eddica para qualquer decis\u00e3o que venha a ser tomada, e a posi\u00e7\u00e3o do governador F\u00e1bio Mitidieri, j\u00e1 manifestada publicamente, \u00e9 no sentido de acompanhar aquilo que a maioria, no caso, as quatro prefeituras que comp\u00f5em a regi\u00e3o metropolitana entendem\u201d, ressaltou o secret\u00e1rio da Seplan, Julio Filgueira, que representa o Governo do Estado no CTM.<\/p>\n\n\n\n<p>&nbsp;O Cons\u00f3rcio<\/p>\n\n\n\n<p>O CTM \u00e9 composto por representantes dos munic\u00edpios de Aracaju, Barra dos Coqueiros, S\u00e3o Crist\u00f3v\u00e3o e Nossa Senhora do Socorro, al\u00e9m do Governo do Estado, tendo como presidente a atual prefeita da capital, Em\u00edlia Corr\u00eaa, e como diretor-executivo, Hector Raul Medeiros Vilela Coronado.<\/p>\n\n\n\n<p>O objetivo do Cons\u00f3rcio \u00e9 coordenar e gerir o sistema de transporte p\u00fablico na regi\u00e3o metropolitana de Aracaju, al\u00e9m de planejar e implementar pol\u00edticas de mobilidade urbana com foco em um servi\u00e7o de qualidade, acess\u00edvel e mais sustent\u00e1vel \u00e0 popula\u00e7\u00e3o sergipana que utiliza o transporte p\u00fablico.<\/p>\n\n\n\n<p>Nas reuni\u00f5es anteriores deste ano, as pautas se concentraram na discuss\u00e3o da nova licita\u00e7\u00e3o do transporte da Grande Aracaju, na reformula\u00e7\u00e3o do estatuto e da legisla\u00e7\u00e3o que rege o cons\u00f3rcio, bem como na escolha do novo diretor-executivo e outras delibera\u00e7\u00f5es operacionais.<\/p>\n\n\n\n<p>Foto: Ascom\/ Seplan<\/p>\n","protected":false},"excerpt":{"rendered":"<p>O Governo de Sergipe, representado pela Secretaria Especial de Planejamento, Or\u00e7amento e Inova\u00e7\u00e3o (Seplan), participou nesta sexta-feira (09), da Assembleia Ordin\u00e1ria do Cons\u00f3rcio de Transporte P\u00fablico Metropolitano (CTM), realizada na Prefeitura de Aracaju. Essa foi a quarta assembleia deste ano de 2025, e teve como objetivo a an\u00e1lise e delibera\u00e7\u00e3o a respeito da Decis\u00e3o do [&hellip;]<\/p>\n","protected":false},"author":2,"featured_media":6955,"comment_status":"open","ping_status":"open","sticky":false,"template":"","format":"standard","meta":{"footnotes":""},"categories":[6,2],"tags":[],"class_list":["post-6954","post","type-post","status-publish","format-standard","has-post-thumbnail","hentry","category-letreiro","category-politica"],"_links":{"self":[{"href":"https:\/\/espacolivresergipe.com.br\/index.php\/wp-json\/wp\/v2\/posts\/6954","targetHints":{"allow":["GET"]}}],"collection":[{"href":"https:\/\/espacolivresergipe.com.br\/index.php\/wp-json\/wp\/v2\/posts"}],"about":[{"href":"https:\/\/espacolivresergipe.com.br\/index.php\/wp-json\/wp\/v2\/types\/post"}],"author":[{"embeddable":true,"href":"https:\/\/espacolivresergipe.com.br\/index.php\/wp-json\/wp\/v2\/users\/2"}],"replies":[{"embeddable":true,"href":"https:\/\/espacolivresergipe.com.br\/index.php\/wp-json\/wp\/v2\/comments?post=6954"}],"version-history":[{"count":1,"href":"https:\/\/espacolivresergipe.com.br\/index.php\/wp-json\/wp\/v2\/posts\/6954\/revisions"}],"predecessor-version":[{"id":6956,"href":"https:\/\/espacolivresergipe.com.br\/index.php\/wp-json\/wp\/v2\/posts\/6954\/revisions\/6956"}],"wp:featuredmedia":[{"embeddable":true,"href":"https:\/\/espacolivresergipe.com.br\/index.php\/wp-json\/wp\/v2\/media\/6955"}],"wp:attachment":[{"href":"https:\/\/espacolivresergipe.com.br\/index.php\/wp-json\/wp\/v2\/media?parent=6954"}],"wp:term":[{"taxonomy":"category","embeddable":true,"href":"https:\/\/espacolivresergipe.com.br\/index.php\/wp-json\/wp\/v2\/categories?post=6954"},{"taxonomy":"post_tag","embeddable":true,"href":"https:\/\/espacolivresergipe.com.br\/index.php\/wp-json\/wp\/v2\/tags?post=6954"}],"curies":[{"name":"wp","href":"https:\/\/api.w.org\/{rel}","templated":true}]}}