{"id":6965,"date":"2025-05-10T09:23:49","date_gmt":"2025-05-10T12:23:49","guid":{"rendered":"https:\/\/espacolivresergipe.com.br\/?p=6965"},"modified":"2025-05-10T09:23:50","modified_gmt":"2025-05-10T12:23:50","slug":"governo-de-sergipe-define-novos-rei-e-rainha-do-forro-2025","status":"publish","type":"post","link":"https:\/\/espacolivresergipe.com.br\/index.php\/2025\/05\/10\/governo-de-sergipe-define-novos-rei-e-rainha-do-forro-2025\/","title":{"rendered":"Governo de Sergipe define novos Rei e Rainha do Forr\u00f3 2025"},"content":{"rendered":"\n<p>O Governo de Sergipe, por meio da Funda\u00e7\u00e3o de Cultura e Arte Aperip\u00ea (Funcap), realizou na \u00faltima sexta-feira, 9, no audit\u00f3rio do Centro de Criatividade, a terceira edi\u00e7\u00e3o do concurso Rei e Rainha do Pa\u00eds do Forr\u00f3. O evento tem como objetivo valorizar a tradi\u00e7\u00e3o dos quadrilheiros no estado, elegendo os representantes que simbolizar\u00e3o essa express\u00e3o cultural durante todo o ciclo junino.<\/p>\n\n\n\n<p>O j\u00fari t\u00e9cnico avaliou os casais participantes com base em crit\u00e9rios como coreografia, figurino e harmonia. Neste ano, o valor da premia\u00e7\u00e3o foi ampliado para R$ 6 mil por vencedor, totalizando R$ 12 mil para o casal eleito. A coroa\u00e7\u00e3o acontecer\u00e1 durante o evento Salva Junina, que marca a abertura oficial do ciclo junino em Sergipe. Ap\u00f3s a cerim\u00f4nia, os novos representantes participar\u00e3o de eventos ao longo do per\u00edodo, refor\u00e7ando a identidade do estado como o \u201cPa\u00eds do Forr\u00f3\u201d.<\/p>\n\n\n\n<p>Representando o presidente da Funcap, Gustavo Paix\u00e3o, o presidente do Conselho Estadual de Cultura, Pascoal Maynard, destacou a import\u00e2ncia do fortalecimento das tradi\u00e7\u00f5es juninas, com incentivo e investimentos cont\u00ednuos. \u201cO governo tem demonstrado compromisso com a preserva\u00e7\u00e3o da cultura, da arte e da hist\u00f3ria sergipana. \u00c9 com esse olhar que nos preparamos para um dos maiores festejos juninos da hist\u00f3ria do estado. O Rei e a Rainha ter\u00e3o a missa de comandar toda essa festa maravilhosa, junto de seus \u2018suditos\u2019\u201d, afirmou.<\/p>\n\n\n\n<p>A apresenta\u00e7\u00e3o do casal vencedor, Danilo Sousa e Polly Freitas, foi inspirada na hist\u00f3ria de amor entre uma lavadeira e um vaqueiro. A proposta est\u00e1 relacionada \u00e0s ra\u00edzes do munic\u00edpio de Sim\u00e3o Dias, local de origem dos dois. \u201cA gente representou a hist\u00f3ria que a quadrilha vai trazer neste S\u00e3o Jo\u00e3o: a lavadeira que se apaixona por um vaqueiro. Sim\u00e3o Dias foi um vaqueiro importante, e quisemos trazer esse aspecto ancestral e regional, sem perder a conex\u00e3o com o tradicional\u201d, explicaram.<\/p>\n\n\n\n<p>Os Reis do Forr\u00f3 2024, Sophia Albino e Orlanio Macedo, deixaram uma mensagem aos novos representantes. \u201cParabenizamos os novos reis. Que o reinado de 2025 seja de alegria, emo\u00e7\u00e3o e boas experi\u00eancias. Agradecemos pela oportunidade de representar Sergipe e viver esse momento proporcionado pelo Governo do Estado e pela Funcap\u201d, destacaram.<\/p>\n\n\n\n<p>O casal tamb\u00e9m destacou a import\u00e2ncia da visibilidade proporcionada pelo concurso. \u201c\u00c9 a nossa vez participando desse concurso, que abre portas para a gente que trabalha com a arte. Estamos aqui representando n\u00e3o somente as pessoas que dan\u00e7am, mas tamb\u00e9m as que escrevem, que cantam, enfim, toda a nossa cultura e as diversas formas de fazer arte. Estamos muito felizes\u201d, completaram.<\/p>\n\n\n\n<p>Presente na plateia, a aracajuana Beatriz Louren\u00e7o acompanhou todas as apresenta\u00e7\u00f5es e comemorou o resultado. \u201c\u00c9 bonito ver a torcida e, ao mesmo tempo, o respeito entre os competidores. Gosto de quadrilha e forr\u00f3, e o n\u00edvel estava alto. Fiquei satisfeita com o resultado, assim como estaria com qualquer outro casal vencedor, porque todos se apresentaram muito bem\u201d, disse.<\/p>\n\n\n\n<p>Salva Junina<\/p>\n\n\n\n<p>O evento que d\u00e1 \u00e0s boas-vindas ao per\u00edodo junino acontece no dia 29 de maio, a partir das 19h, no Centro de Criatividade, e contar\u00e1 com apresenta\u00e7\u00f5es de quadrilhas juninas, espet\u00e1culo teatral, apresenta\u00e7\u00e3o art\u00edsticas e culturais, al\u00e9m da coroa\u00e7\u00e3o oficial do Rei e Rainha do Pa\u00eds do Forr\u00f3.<\/p>\n\n\n\n<p>Foto: Erick O\u2019Hara<\/p>\n","protected":false},"excerpt":{"rendered":"<p>O Governo de Sergipe, por meio da Funda\u00e7\u00e3o de Cultura e Arte Aperip\u00ea (Funcap), realizou na \u00faltima sexta-feira, 9, no audit\u00f3rio do Centro de Criatividade, a terceira edi\u00e7\u00e3o do concurso Rei e Rainha do Pa\u00eds do Forr\u00f3. O evento tem como objetivo valorizar a tradi\u00e7\u00e3o dos quadrilheiros no estado, elegendo os representantes que simbolizar\u00e3o essa [&hellip;]<\/p>\n","protected":false},"author":2,"featured_media":6966,"comment_status":"open","ping_status":"open","sticky":false,"template":"","format":"standard","meta":{"footnotes":""},"categories":[12,6,10],"tags":[],"class_list":["post-6965","post","type-post","status-publish","format-standard","has-post-thumbnail","hentry","category-agora","category-letreiro","category-noticias"],"_links":{"self":[{"href":"https:\/\/espacolivresergipe.com.br\/index.php\/wp-json\/wp\/v2\/posts\/6965","targetHints":{"allow":["GET"]}}],"collection":[{"href":"https:\/\/espacolivresergipe.com.br\/index.php\/wp-json\/wp\/v2\/posts"}],"about":[{"href":"https:\/\/espacolivresergipe.com.br\/index.php\/wp-json\/wp\/v2\/types\/post"}],"author":[{"embeddable":true,"href":"https:\/\/espacolivresergipe.com.br\/index.php\/wp-json\/wp\/v2\/users\/2"}],"replies":[{"embeddable":true,"href":"https:\/\/espacolivresergipe.com.br\/index.php\/wp-json\/wp\/v2\/comments?post=6965"}],"version-history":[{"count":1,"href":"https:\/\/espacolivresergipe.com.br\/index.php\/wp-json\/wp\/v2\/posts\/6965\/revisions"}],"predecessor-version":[{"id":6967,"href":"https:\/\/espacolivresergipe.com.br\/index.php\/wp-json\/wp\/v2\/posts\/6965\/revisions\/6967"}],"wp:featuredmedia":[{"embeddable":true,"href":"https:\/\/espacolivresergipe.com.br\/index.php\/wp-json\/wp\/v2\/media\/6966"}],"wp:attachment":[{"href":"https:\/\/espacolivresergipe.com.br\/index.php\/wp-json\/wp\/v2\/media?parent=6965"}],"wp:term":[{"taxonomy":"category","embeddable":true,"href":"https:\/\/espacolivresergipe.com.br\/index.php\/wp-json\/wp\/v2\/categories?post=6965"},{"taxonomy":"post_tag","embeddable":true,"href":"https:\/\/espacolivresergipe.com.br\/index.php\/wp-json\/wp\/v2\/tags?post=6965"}],"curies":[{"name":"wp","href":"https:\/\/api.w.org\/{rel}","templated":true}]}}