{"id":6978,"date":"2025-05-11T06:17:27","date_gmt":"2025-05-11T09:17:27","guid":{"rendered":"https:\/\/espacolivresergipe.com.br\/?p=6978"},"modified":"2025-05-11T06:17:29","modified_gmt":"2025-05-11T09:17:29","slug":"barao-chega-ao-rock-sertao-2025-com-a-turne-do-tamanho-da-vida","status":"publish","type":"post","link":"https:\/\/espacolivresergipe.com.br\/index.php\/2025\/05\/11\/barao-chega-ao-rock-sertao-2025-com-a-turne-do-tamanho-da-vida\/","title":{"rendered":"Bar\u00e3o chega ao Rock Sert\u00e3o 2025 com a turn\u00ea &#8220;Do Tamanho da Vida&#8221;"},"content":{"rendered":"\n<p>O Rock Sert\u00e3o 2025 retorna com for\u00e7a total \u00e0 Pra\u00e7a Ant\u00f4nio Alves Feitosa &#8211; a ic\u00f4nica Pra\u00e7a dos Tr\u00eas Quiosques &#8211; em Nossa Senhora da Gl\u00f3ria (SE), prometendo uma edi\u00e7\u00e3o hist\u00f3rica. Al\u00e9m de marcar o reencontro com suas origens, o festival surpreende ao anunciar uma das bandas mais lend\u00e1rias do rock brasileiro: o Bar\u00e3o Vermelho, que sobe ao palco V\u00e9io Artes\u00e3o no dia 17 de maio.<\/p>\n\n\n\n<p>Na estrada com a turn\u00ea &#8220;Do Tamanho da Vida&#8221;, o grupo promete trazer ao sert\u00e3o uma apresenta\u00e7\u00e3o memor\u00e1vel, mesclando sucessos imortais como &#8220;Bete Balan\u00e7o&#8221;, &#8220;Exagerado&#8221;, &#8220;O Tempo N\u00e3o Para&#8221; e &#8220;Maior Abandonado&#8221;, com novidades que mant\u00eam viva a chama criativa da banda. Com mais de quatro d\u00e9cadas de estrada, Bar\u00e3o \u00e9 sin\u00f4nimo de atitude, hist\u00f3ria e paix\u00e3o pela m\u00fasica.<\/p>\n\n\n\n<p>A participa\u00e7\u00e3o da banda no Rock Sert\u00e3o 2025 representa um verdadeiro encontro de gera\u00e7\u00f5es. Assim como o festival, Bar\u00e3o carrega em sua trajet\u00f3ria a for\u00e7a da resist\u00eancia cultural e o compromisso com a autenticidade art\u00edstica. O show promete ser um dos pontos altos do evento &#8211; um momento inesquec\u00edvel para o p\u00fablico que celebra o passado, o presente e o futuro da m\u00fasica brasileira.<\/p>\n\n\n\n<p>Al\u00e9m dos shows, o festival tamb\u00e9m oferecer\u00e1 uma ampla programa\u00e7\u00e3o cultural nos dias 15 e 16 de maio, com oficinas, palestras, apresenta\u00e7\u00f5es de dan\u00e7a e a tradicional Feira Cultural, fortalecendo seu papel como palco da arte e da m\u00fasica independente no sert\u00e3o sergipano. Acompanhe todas as atualiza\u00e7\u00f5es e surpresas do festival pelo Instagram oficial: @rocksertao.<\/p>\n\n\n\n<p>Anota a\u00ed:<\/p>\n\n\n\n<p>Data: 17 de maio<\/p>\n\n\n\n<p>Local: Nossa Senhora da Gl\u00f3ria &#8211; SE<\/p>\n\n\n\n<p>Evento gratuito<\/p>\n\n\n\n<p>Por: Marta Olivia Costa<\/p>\n","protected":false},"excerpt":{"rendered":"<p>O Rock Sert\u00e3o 2025 retorna com for\u00e7a total \u00e0 Pra\u00e7a Ant\u00f4nio Alves Feitosa &#8211; a ic\u00f4nica Pra\u00e7a dos Tr\u00eas Quiosques &#8211; em Nossa Senhora da Gl\u00f3ria (SE), prometendo uma edi\u00e7\u00e3o hist\u00f3rica. Al\u00e9m de marcar o reencontro com suas origens, o festival surpreende ao anunciar uma das bandas mais lend\u00e1rias do rock brasileiro: o Bar\u00e3o Vermelho, [&hellip;]<\/p>\n","protected":false},"author":2,"featured_media":6979,"comment_status":"open","ping_status":"open","sticky":false,"template":"","format":"standard","meta":{"footnotes":""},"categories":[12,6,7],"tags":[],"class_list":["post-6978","post","type-post","status-publish","format-standard","has-post-thumbnail","hentry","category-agora","category-letreiro","category-sergipe"],"_links":{"self":[{"href":"https:\/\/espacolivresergipe.com.br\/index.php\/wp-json\/wp\/v2\/posts\/6978","targetHints":{"allow":["GET"]}}],"collection":[{"href":"https:\/\/espacolivresergipe.com.br\/index.php\/wp-json\/wp\/v2\/posts"}],"about":[{"href":"https:\/\/espacolivresergipe.com.br\/index.php\/wp-json\/wp\/v2\/types\/post"}],"author":[{"embeddable":true,"href":"https:\/\/espacolivresergipe.com.br\/index.php\/wp-json\/wp\/v2\/users\/2"}],"replies":[{"embeddable":true,"href":"https:\/\/espacolivresergipe.com.br\/index.php\/wp-json\/wp\/v2\/comments?post=6978"}],"version-history":[{"count":1,"href":"https:\/\/espacolivresergipe.com.br\/index.php\/wp-json\/wp\/v2\/posts\/6978\/revisions"}],"predecessor-version":[{"id":6980,"href":"https:\/\/espacolivresergipe.com.br\/index.php\/wp-json\/wp\/v2\/posts\/6978\/revisions\/6980"}],"wp:featuredmedia":[{"embeddable":true,"href":"https:\/\/espacolivresergipe.com.br\/index.php\/wp-json\/wp\/v2\/media\/6979"}],"wp:attachment":[{"href":"https:\/\/espacolivresergipe.com.br\/index.php\/wp-json\/wp\/v2\/media?parent=6978"}],"wp:term":[{"taxonomy":"category","embeddable":true,"href":"https:\/\/espacolivresergipe.com.br\/index.php\/wp-json\/wp\/v2\/categories?post=6978"},{"taxonomy":"post_tag","embeddable":true,"href":"https:\/\/espacolivresergipe.com.br\/index.php\/wp-json\/wp\/v2\/tags?post=6978"}],"curies":[{"name":"wp","href":"https:\/\/api.w.org\/{rel}","templated":true}]}}