{"id":6984,"date":"2025-05-11T05:25:00","date_gmt":"2025-05-11T08:25:00","guid":{"rendered":"https:\/\/espacolivresergipe.com.br\/?p=6984"},"modified":"2025-05-11T06:42:02","modified_gmt":"2025-05-11T09:42:02","slug":"servidores-do-conselho-de-veterinaria-paralisam-por-melhorias-no-acordo-coletivo-no-estado-de-sergipe","status":"publish","type":"post","link":"https:\/\/espacolivresergipe.com.br\/index.php\/2025\/05\/11\/servidores-do-conselho-de-veterinaria-paralisam-por-melhorias-no-acordo-coletivo-no-estado-de-sergipe\/","title":{"rendered":"Servidores do Conselho de Veterin\u00e1ria paralisam por melhorias no Acordo Coletivo, no estado de Sergipe"},"content":{"rendered":"\n<p>Na manh\u00e3 da sexta-feira, dia 9 de maio, o Sindicato dos Servidores em Conselhos e Ordens de Fiscaliza\u00e7\u00e3o Profissional e Entidades Coligadas e Afins do Estado de Sergipe (SINDISCOSE), filiado \u00e0 Central \u00danica dos Trabalhadores (CUT-SE), protestou por valoriza\u00e7\u00e3o dos servidores do Conselho Regional de Medicina Veterin\u00e1ria (CRMV-SE).<\/p>\n\n\n\n<p>No mesmo dia, aconteceram a posse da nova diretoria que est\u00e1 \u00e0 frente do CRMV-SE e uma nova reuni\u00e3o com as lideran\u00e7as sindicais para discutir avan\u00e7os na proposta do Acordo Coletivo de Trabalho de 2025.<\/p>\n\n\n\n<p>A data base dos trabalhadores \u00e9 o dia 1\u00ba de maio. Mas a proposta inicial do CRMV-SE teve rejei\u00e7\u00e3o un\u00e2nime na \u00faltima assembleia realizada pelo SINDISCOSE. Os pontos mais criticados da proposta inicial feita pelo CRMV-SE foram:<\/p>\n\n\n\n<p>* Reajuste abaixo da infla\u00e7\u00e3o<\/p>\n\n\n\n<p>* Aux\u00edlio creche e educa\u00e7\u00e3o negados completamente<\/p>\n\n\n\n<p>* Aux\u00edlio-alimenta\u00e7\u00e3o abaixo da cesta b\u00e1sica de alimentos, aumento de apenas R$ 30 reais<\/p>\n\n\n\n<p>* Aux\u00edlio sa\u00fade de apenas R$ 170<\/p>\n\n\n\n<p>Avan\u00e7os Conquistados pela Luta<\/p>\n\n\n\n<p>O presidente do SINDISCOSE, Igor Fernando Acioly S. Baima, afirmou que o avan\u00e7o da reuni\u00e3o que aconteceu com a diretoria do CRMV-SE na sexta-feira foi o compromisso de reavaliar a proposta e at\u00e9 o pr\u00f3ximo m\u00eas fechar a situa\u00e7\u00e3o.<\/p>\n\n\n\n<p>\u201cO CRMV-SE tem 1.830 profissionais da medicina veterin\u00e1ria registrados e aproximadamente 1.600 empresas cadastradas uma receita que garante plenas condi\u00e7\u00f5es de valorizar os servidores. Se n\u00e3o conseguirmos alcan\u00e7ar avan\u00e7os, vai ter greve\u201d, declarou Igor Baima.<\/p>\n\n\n\n<p>Os dirigentes do SINDISCOSE defendem que seja conquistado pelo menos o pagamento de um vale alimenta\u00e7\u00e3o de R$ 600, um aux\u00edlio sa\u00fade de R$ 300 e o desconto do aux\u00edlio transporte em 3%, pois o CRMV-SE trata-se de uma autarquia que terminou 2024 com R$ 854 mil em caixa, portanto, tem plenas condi\u00e7\u00f5es de valorizar os 10 trabalhadores que fazem o Conselho funcionar.<\/p>\n\n\n\n<p>Texto e foto Iracema Corso<\/p>\n","protected":false},"excerpt":{"rendered":"<p>Na manh\u00e3 da sexta-feira, dia 9 de maio, o Sindicato dos Servidores em Conselhos e Ordens de Fiscaliza\u00e7\u00e3o Profissional e Entidades Coligadas e Afins do Estado de Sergipe (SINDISCOSE), filiado \u00e0 Central \u00danica dos Trabalhadores (CUT-SE), protestou por valoriza\u00e7\u00e3o dos servidores do Conselho Regional de Medicina Veterin\u00e1ria (CRMV-SE). No mesmo dia, aconteceram a posse da [&hellip;]<\/p>\n","protected":false},"author":2,"featured_media":6985,"comment_status":"open","ping_status":"open","sticky":false,"template":"","format":"standard","meta":{"footnotes":""},"categories":[11,6,10],"tags":[],"class_list":["post-6984","post","type-post","status-publish","format-standard","has-post-thumbnail","hentry","category-destaque","category-letreiro","category-noticias"],"_links":{"self":[{"href":"https:\/\/espacolivresergipe.com.br\/index.php\/wp-json\/wp\/v2\/posts\/6984","targetHints":{"allow":["GET"]}}],"collection":[{"href":"https:\/\/espacolivresergipe.com.br\/index.php\/wp-json\/wp\/v2\/posts"}],"about":[{"href":"https:\/\/espacolivresergipe.com.br\/index.php\/wp-json\/wp\/v2\/types\/post"}],"author":[{"embeddable":true,"href":"https:\/\/espacolivresergipe.com.br\/index.php\/wp-json\/wp\/v2\/users\/2"}],"replies":[{"embeddable":true,"href":"https:\/\/espacolivresergipe.com.br\/index.php\/wp-json\/wp\/v2\/comments?post=6984"}],"version-history":[{"count":1,"href":"https:\/\/espacolivresergipe.com.br\/index.php\/wp-json\/wp\/v2\/posts\/6984\/revisions"}],"predecessor-version":[{"id":6986,"href":"https:\/\/espacolivresergipe.com.br\/index.php\/wp-json\/wp\/v2\/posts\/6984\/revisions\/6986"}],"wp:featuredmedia":[{"embeddable":true,"href":"https:\/\/espacolivresergipe.com.br\/index.php\/wp-json\/wp\/v2\/media\/6985"}],"wp:attachment":[{"href":"https:\/\/espacolivresergipe.com.br\/index.php\/wp-json\/wp\/v2\/media?parent=6984"}],"wp:term":[{"taxonomy":"category","embeddable":true,"href":"https:\/\/espacolivresergipe.com.br\/index.php\/wp-json\/wp\/v2\/categories?post=6984"},{"taxonomy":"post_tag","embeddable":true,"href":"https:\/\/espacolivresergipe.com.br\/index.php\/wp-json\/wp\/v2\/tags?post=6984"}],"curies":[{"name":"wp","href":"https:\/\/api.w.org\/{rel}","templated":true}]}}