{"id":6987,"date":"2025-05-11T06:52:50","date_gmt":"2025-05-11T09:52:50","guid":{"rendered":"https:\/\/espacolivresergipe.com.br\/?p=6987"},"modified":"2025-05-11T06:52:51","modified_gmt":"2025-05-11T09:52:51","slug":"segunda-edicao-do-itabaiana-festival-movimenta-o-estado-com-show-gratuito-do-dj-alok-e-atracoes-sergipanas","status":"publish","type":"post","link":"https:\/\/espacolivresergipe.com.br\/index.php\/2025\/05\/11\/segunda-edicao-do-itabaiana-festival-movimenta-o-estado-com-show-gratuito-do-dj-alok-e-atracoes-sergipanas\/","title":{"rendered":"Segunda edi\u00e7\u00e3o do Itabaiana Festival movimenta o estado com show gratuito do DJ Alok e atra\u00e7\u00f5es sergipanas"},"content":{"rendered":"\n<p>A segunda edi\u00e7\u00e3o do Itabaiana Festival reuniu uma multid\u00e3o na Pra\u00e7a Eu Amo Itabaiana, localizada no bairro Chiara Lubich, neste s\u00e1bado, 10. Com uma programa\u00e7\u00e3o musical gratuita, o evento atraiu visitantes de diversas regi\u00f5es de Sergipe e de estados vizinhos. O evento, promovido pelo Governo de Sergipe, por meio da Funda\u00e7\u00e3o de Cultura e Arte Aperip\u00ea (Funcap), contou com atra\u00e7\u00f5es de renome nacional e valorizou artistas locais, gerando impacto positivo na economia e impulsionando o turismo do munic\u00edpio.<\/p>\n\n\n\n<p>Principal atra\u00e7\u00e3o da noite, o DJ Alok,&nbsp; um dos maiores nomes da m\u00fasica eletr\u00f4nica mundial, levou uma multid\u00e3o \u00e0 pra\u00e7a de eventos de Itabaiana. Reconhecido por espet\u00e1culos que unem m\u00fasica eletr\u00f4nica, luzes, efeitos especiais e tecnologia, o artista atraiu caravanas de outras cidades sergipanas, al\u00e9m de f\u00e3s de outros estados.<\/p>\n\n\n\n<p>\u201cEstou muito feliz por estar aqui. J\u00e1 faz tempo que n\u00e3o venho a Sergipe e estava sentindo falta de voltar e sentir essa energia. \u00c9 a primeira vez que venho a Itabaiana, e fico muito grato por todo o acolhimento desde que cheguei\u201d, contou Alok.<\/p>\n\n\n\n<p>Alok tamb\u00e9m comentou sobre a forte identidade musical do estado. \u201cSabemos que Sergipe \u00e9 conhecido como o Pa\u00eds do Forr\u00f3, ent\u00e3o preparamos um show especial para todo mundo. Mesmo n\u00e3o sendo forr\u00f3, tentei misturar ritmos e fazer uma releitura de alguns cl\u00e1ssicos. Tudo foi pensado para proporcionar uma boa experi\u00eancia a todos que vieram assistir ao show\u201d, completou.<\/p>\n\n\n\n<p>Artistas sergipanos<\/p>\n\n\n\n<p>A programa\u00e7\u00e3o do Itabaiana Festival tamb\u00e9m valorizou os talentos da m\u00fasica sergipana. Ao lado de Alok, subiram ao palco os cantores Guilherme Ferri, Liene A Rainha e Ant\u00f4nio O Clone, mostrando a diversidade de g\u00eaneros e a for\u00e7a dos artistas sergipanos.<\/p>\n\n\n\n<p>Abrindo a programa\u00e7\u00e3o do evento, Ant\u00f4nio O Clone animou o p\u00fablico com m\u00fasicas que falam de amor, em uma mistura de brega e sofr\u00eancia. \u201c\u00c9 um prazer estar aqui em Itabaiana, marcando presen\u00e7a com meu show. Esse \u00e9 um projeto lindo, que divulga nossa Itabaiana para todo o Brasil\u201d, declarou.<\/p>\n\n\n\n<p>Na sequ\u00eancia, foi a vez de Liene A Rainha subir ao palco com um repert\u00f3rio de sucessos do sertanejo, piseiro e forr\u00f3. \u201cQue honra \u00e9 poder me apresentar aqui em Itabaiana. Estou maravilhada por participar de um evento dessa grandiosidade. Pensamos com carinho no repert\u00f3rio e preparamos um show muito especial\u201d, afirmou.<\/p>\n\n\n\n<p>Com\u00e9rcio aquecido<\/p>\n\n\n\n<p>O grande p\u00fablico presente ao festival impactou positivamente a economia local. Para muitos empreendedores, o festival representou uma oportunidade de gera\u00e7\u00e3o de renda e visibilidade.<\/p>\n\n\n\n<p>O pipoqueiro Ananias Souza, de Lagarto, aproveitou a movimenta\u00e7\u00e3o para aumentar o faturamento. \u201cEsse tipo de festa \u00e9 muito bom para n\u00f3s, ambulantes, porque entra mais dinheiro no nosso bolso e mais pessoas conhecem o nosso trabalho. O p\u00fablico aqui nos acolheu muito bem\u201d, contou.<\/p>\n\n\n\n<p>A aracajuana Edilte Figueiredo, que h\u00e1 mais de 30 anos vende brinquedos e doces, tamb\u00e9m comemorou as boas vendas. \u201cSempre que tem eventos em Itabaiana, eu venho vender, com a ajuda dos meus amigos. O pessoal gosta dos produtos e eu aproveito essas oportunidades. A festa est\u00e1 muito boa e bem movimentada\u201d, avaliou.<\/p>\n\n\n\n<p>Para Jeocasta Ferreira, que mant\u00e9m uma barraca de lanches, o evento \u00e9 muito importante para os pequenos empreendedores. \u201cIniciativas como essa ajudam bastante a gente a garantir uma renda. Gera movimenta\u00e7\u00e3o para o munic\u00edpio e tamb\u00e9m para os ambulantes que v\u00eam de fora. Com certeza, temos muito o que comemorar\u201d, afirmou.<\/p>\n\n\n\n<p>P\u00fablico aprova<\/p>\n\n\n\n<p>A professora Daniela Santos, que veio de Lagarto com a fam\u00edlia, ressaltou a import\u00e2ncia da gratuidade para conseguir ver de perto um de seus artistas favoritos. \u201cQuando saiu a programa\u00e7\u00e3o, eu quase n\u00e3o acreditei que ia ver o Alok de perto. \u00c9 um artista que eu s\u00f3 via pela TV, e agora consegui ver bem de pertinho. Todo mundo l\u00e1 de casa \u00e9 f\u00e3, e eu trouxe todo mundo comigo\u201d, contou.<\/p>\n\n\n\n<p>Luiza Carvalho tamb\u00e9m fez quest\u00e3o de aproveitar ao m\u00e1ximo o evento. Ela chegou cedo para garantir lugar pr\u00f3ximo ao palco acompanhada da m\u00e3e, M\u00e1rcia. \u201cA gente v\u00ea policiamento o tempo todo, v\u00ea os espa\u00e7os de sa\u00fade e j\u00e1 se sente seguro. Isso era uma preocupa\u00e7\u00e3o minha, porque sabia que o p\u00fablico seria grande, mas arrisquei e n\u00e3o me arrependi. Curti todos os shows e saio muito satisfeita. Toda a estrutura estava \u00f3tima\u201d, destacou.<\/p>\n\n\n\n<p>Foto: Marco Ferro<\/p>\n","protected":false},"excerpt":{"rendered":"<p>A segunda edi\u00e7\u00e3o do Itabaiana Festival reuniu uma multid\u00e3o na Pra\u00e7a Eu Amo Itabaiana, localizada no bairro Chiara Lubich, neste s\u00e1bado, 10. Com uma programa\u00e7\u00e3o musical gratuita, o evento atraiu visitantes de diversas regi\u00f5es de Sergipe e de estados vizinhos. O evento, promovido pelo Governo de Sergipe, por meio da Funda\u00e7\u00e3o de Cultura e Arte [&hellip;]<\/p>\n","protected":false},"author":2,"featured_media":6988,"comment_status":"open","ping_status":"open","sticky":false,"template":"","format":"standard","meta":{"footnotes":""},"categories":[13,10],"tags":[],"class_list":["post-6987","post","type-post","status-publish","format-standard","has-post-thumbnail","hentry","category-acontece","category-noticias"],"_links":{"self":[{"href":"https:\/\/espacolivresergipe.com.br\/index.php\/wp-json\/wp\/v2\/posts\/6987","targetHints":{"allow":["GET"]}}],"collection":[{"href":"https:\/\/espacolivresergipe.com.br\/index.php\/wp-json\/wp\/v2\/posts"}],"about":[{"href":"https:\/\/espacolivresergipe.com.br\/index.php\/wp-json\/wp\/v2\/types\/post"}],"author":[{"embeddable":true,"href":"https:\/\/espacolivresergipe.com.br\/index.php\/wp-json\/wp\/v2\/users\/2"}],"replies":[{"embeddable":true,"href":"https:\/\/espacolivresergipe.com.br\/index.php\/wp-json\/wp\/v2\/comments?post=6987"}],"version-history":[{"count":1,"href":"https:\/\/espacolivresergipe.com.br\/index.php\/wp-json\/wp\/v2\/posts\/6987\/revisions"}],"predecessor-version":[{"id":6989,"href":"https:\/\/espacolivresergipe.com.br\/index.php\/wp-json\/wp\/v2\/posts\/6987\/revisions\/6989"}],"wp:featuredmedia":[{"embeddable":true,"href":"https:\/\/espacolivresergipe.com.br\/index.php\/wp-json\/wp\/v2\/media\/6988"}],"wp:attachment":[{"href":"https:\/\/espacolivresergipe.com.br\/index.php\/wp-json\/wp\/v2\/media?parent=6987"}],"wp:term":[{"taxonomy":"category","embeddable":true,"href":"https:\/\/espacolivresergipe.com.br\/index.php\/wp-json\/wp\/v2\/categories?post=6987"},{"taxonomy":"post_tag","embeddable":true,"href":"https:\/\/espacolivresergipe.com.br\/index.php\/wp-json\/wp\/v2\/tags?post=6987"}],"curies":[{"name":"wp","href":"https:\/\/api.w.org\/{rel}","templated":true}]}}