{"id":6993,"date":"2025-05-11T07:42:06","date_gmt":"2025-05-11T10:42:06","guid":{"rendered":"https:\/\/espacolivresergipe.com.br\/?p=6993"},"modified":"2025-05-11T07:42:08","modified_gmt":"2025-05-11T10:42:08","slug":"sindicato-dos-radialistas-e-invadido-e-dois-homens-furtam-varios-objetos","status":"publish","type":"post","link":"https:\/\/espacolivresergipe.com.br\/index.php\/2025\/05\/11\/sindicato-dos-radialistas-e-invadido-e-dois-homens-furtam-varios-objetos\/","title":{"rendered":"Sindicato dos radialistas e invadido e dois homens furtam v\u00e1rios objetos"},"content":{"rendered":"\n<p>O Sindicato dos Radialistas de Sergipe foi alvo da a\u00e7\u00e3o de elementos que invadiram e furtaram objetos. O presidente Alex Carvalho informou que a a\u00e7\u00e3o ocorreu por volta de 01:30 da madrugada deste s\u00e1bado (11), quando dois homens invadiram a sede do \u00f3rg\u00e3o.<\/p>\n\n\n\n<p>A c\u00e2mera de seguran\u00e7a do sindicato registrou toda a a\u00e7\u00e3o e as imagens mostram a dupla tentando levar um computador e outros itens.<\/p>\n\n\n\n<p>Alex disse que lamenta o ocorrido, informando ainda que ir\u00e1 prestar um Boletim de ocorr\u00eancia para ajudar a policia a identificar os suspeitos e realizar a pris\u00e3o.<\/p>\n\n\n\n<p>Com informa\u00e7\u00f5es e foto do sindicato<\/p>\n\n\n\n<figure class=\"wp-block-video\"><video controls src=\"https:\/\/www.faxaju.com.br\/wp-content\/uploads\/2025\/05\/WhatsApp-Video-2025-05-11-at-04.59.58.mp4\"><\/video><\/figure>\n","protected":false},"excerpt":{"rendered":"<p>O Sindicato dos Radialistas de Sergipe foi alvo da a\u00e7\u00e3o de elementos que invadiram e furtaram objetos. O presidente Alex Carvalho informou que a a\u00e7\u00e3o ocorreu por volta de 01:30 da madrugada deste s\u00e1bado (11), quando dois homens invadiram a sede do \u00f3rg\u00e3o. A c\u00e2mera de seguran\u00e7a do sindicato registrou toda a a\u00e7\u00e3o e as [&hellip;]<\/p>\n","protected":false},"author":2,"featured_media":6994,"comment_status":"open","ping_status":"open","sticky":false,"template":"","format":"standard","meta":{"footnotes":""},"categories":[13,6,10],"tags":[],"class_list":["post-6993","post","type-post","status-publish","format-standard","has-post-thumbnail","hentry","category-acontece","category-letreiro","category-noticias"],"_links":{"self":[{"href":"https:\/\/espacolivresergipe.com.br\/index.php\/wp-json\/wp\/v2\/posts\/6993","targetHints":{"allow":["GET"]}}],"collection":[{"href":"https:\/\/espacolivresergipe.com.br\/index.php\/wp-json\/wp\/v2\/posts"}],"about":[{"href":"https:\/\/espacolivresergipe.com.br\/index.php\/wp-json\/wp\/v2\/types\/post"}],"author":[{"embeddable":true,"href":"https:\/\/espacolivresergipe.com.br\/index.php\/wp-json\/wp\/v2\/users\/2"}],"replies":[{"embeddable":true,"href":"https:\/\/espacolivresergipe.com.br\/index.php\/wp-json\/wp\/v2\/comments?post=6993"}],"version-history":[{"count":1,"href":"https:\/\/espacolivresergipe.com.br\/index.php\/wp-json\/wp\/v2\/posts\/6993\/revisions"}],"predecessor-version":[{"id":6995,"href":"https:\/\/espacolivresergipe.com.br\/index.php\/wp-json\/wp\/v2\/posts\/6993\/revisions\/6995"}],"wp:featuredmedia":[{"embeddable":true,"href":"https:\/\/espacolivresergipe.com.br\/index.php\/wp-json\/wp\/v2\/media\/6994"}],"wp:attachment":[{"href":"https:\/\/espacolivresergipe.com.br\/index.php\/wp-json\/wp\/v2\/media?parent=6993"}],"wp:term":[{"taxonomy":"category","embeddable":true,"href":"https:\/\/espacolivresergipe.com.br\/index.php\/wp-json\/wp\/v2\/categories?post=6993"},{"taxonomy":"post_tag","embeddable":true,"href":"https:\/\/espacolivresergipe.com.br\/index.php\/wp-json\/wp\/v2\/tags?post=6993"}],"curies":[{"name":"wp","href":"https:\/\/api.w.org\/{rel}","templated":true}]}}