{"id":6996,"date":"2025-05-11T08:01:24","date_gmt":"2025-05-11T11:01:24","guid":{"rendered":"https:\/\/espacolivresergipe.com.br\/?p=6996"},"modified":"2025-05-11T08:01:25","modified_gmt":"2025-05-11T11:01:25","slug":"sergipe-e-destaque-em-missao-do-consad-na-italia-com-escolas-de-governo-de-todo-o-brasil","status":"publish","type":"post","link":"https:\/\/espacolivresergipe.com.br\/index.php\/2025\/05\/11\/sergipe-e-destaque-em-missao-do-consad-na-italia-com-escolas-de-governo-de-todo-o-brasil\/","title":{"rendered":"Sergipe \u00e9 destaque em Miss\u00e3o do Consad na It\u00e1lia com Escolas de Governo de todo o Brasil"},"content":{"rendered":"\n<p>Sergipe participou, em posi\u00e7\u00e3o de destaque, da Miss\u00e3o It\u00e1lia \u2013 Escolas de Governo, realizada pelo Conselho Nacional de Secret\u00e1rios de Estado da Administra\u00e7\u00e3o (Consad) no pa\u00eds europeu. O Estado coordena o Grupo de Trabalho (GT) Escolas de Governo no Consad, e esteve representado nesta agenda internacional pela secret\u00e1ria da Administra\u00e7\u00e3o, Lucivanda Nunes, e pela diretora de Ensino da Escola de Governo de Sergipe, Vanessa Hor\u00e1cio. &nbsp;<\/p>\n\n\n\n<p>A Miss\u00e3o do Consad, iniciada na \u00faltima ter\u00e7a-feira, 6, e conclu\u00edda nesta sexta-feira, 9, envolve equipes da Escola Nacional Administra\u00e7\u00e3o P\u00fablica (Enap) e de Escolas de Governo de todo o Brasil em atividades institucionais nas cidades de Roma e Floren\u00e7a. Na It\u00e1lia, o grupo brasileiro conheceu experi\u00eancias adotadas pelo pa\u00eds visitado para modernizar a administra\u00e7\u00e3o, incentivar a inova\u00e7\u00e3o institucional e valorizar o servi\u00e7o p\u00fablico.<\/p>\n\n\n\n<p>&nbsp;\u201cEsse \u00e9 um momento bastante importante para Sergipe e para a Escola de Governo do Estado. N\u00f3s lideramos o Grupo de Trabalho de Escolas de Governo no Consad e estamos aqui, na It\u00e1lia, com escolas de diversos estados, de todas as regi\u00f5es do Brasil. Com essa agenda, que inclui uma s\u00e9rie de debates e visitas institucionais, buscamos, a partir do interc\u00e2mbio de experi\u00eancias, fortalecer as escolas de governo brasileiras,&nbsp; que s\u00e3o institui\u00e7\u00f5es fundamentais para a capacita\u00e7\u00e3o continuada de servidores e gestores p\u00fablicos\u201d, afirma a secret\u00e1ria da Administra\u00e7\u00e3o de Sergipe.<\/p>\n\n\n\n<p>&nbsp;A Miss\u00e3o It\u00e1lia, detalha Lucivanda, inclui agendas estrat\u00e9gicas junto a institui\u00e7\u00f5es do pa\u00eds, a exemplo das visitas realizadas pelo grupo do Consad ao Departamento de Administra\u00e7\u00e3o P\u00fablica e a universidades italianas. \u201cEstamos realizando um interc\u00e2mbio de experi\u00eancias com especialistas em forma\u00e7\u00e3o de lideran\u00e7as e inova\u00e7\u00e3o no setor p\u00fablico, e debatendo com representantes de redes de Escolas de Governo sobre sustentabilidade e inova\u00e7\u00e3o na administra\u00e7\u00e3o p\u00fablica, uma agenda enriquecedora que contribui para o aperfei\u00e7oamento do que trabalho que j\u00e1 realizamos\u201d, pontua a gestora da Sead.<\/p>\n\n\n\n<p>Para a diretora de Ensino da Escola de Governo de Sergipe, Vanessa Hor\u00e1cio, com a Miss\u00e3o It\u00e1lia, o Consad proporciona aos participantes da agenda uma imers\u00e3o em novos conte\u00fados e ideias, bem como uma proveitosa troca de experi\u00eancias junto a representantes de outros 32 pa\u00edses. Ela destaca que, ao longo dos quatro dias de programa\u00e7\u00e3o, foi poss\u00edvel conhecer, na pr\u00e1tica, a aplica\u00e7\u00e3o de diversas solu\u00e7\u00f5es ligadas \u00e0 inova\u00e7\u00e3o digital no setor p\u00fablico.<\/p>\n\n\n\n<p>&nbsp;\u201cRepresentar Sergipe nessa Miss\u00e3o de Escolas de Governo \u00e9 uma honra. Tivemos uma agenda riqu\u00edssima de debates sobre o futuro das escolas de governo, sobre desafios na gest\u00e3o p\u00fablica, sobre nossa atua\u00e7\u00e3o para agregar valor aos servidores a partir da oferta de cursos. Tratamos tamb\u00e9m sobre estrat\u00e9gias de mensura\u00e7\u00e3o dos impactos das a\u00e7\u00f5es de capacita\u00e7\u00e3o e o quanto ainda podemos avan\u00e7ar nesse sentido, houve muita troca de conhecimento. E voltamos com a bagagem cheia de ideias inovadoras para colocar em pr\u00e1tica na Escola de Governo de Sergipe\u201d, pontua a diretora.<\/p>\n\n\n\n<p>\u00d3rg\u00e3o deliberativo e de execu\u00e7\u00e3o do Consad, o GT Escolas de Governo, coordenado pela secret\u00e1ria Lucivanda Nunes, atua em todo o Brasil promovendo o compartilhamento de conhecimentos, experi\u00eancias e boas pr\u00e1ticas junto \u00e0s Escolas de Governo dos Estados e do Distrito Federal.&nbsp; \u201cUm dos objetivos desse Grupo de Trabalho \u00e9, justamente, articular com especialistas, organismos internacionais, acad\u00eamicos e institui\u00e7\u00f5es que atuam na \u00e1rea de forma\u00e7\u00e3o de lideran\u00e7as, o desenvolvimento e a proposi\u00e7\u00e3o de solu\u00e7\u00f5es inovadoras para nossas escolas de governo. E foi com este prop\u00f3sito que fomos \u00e0 It\u00e1lia participar dessa agenda enriquecedora\u201d, ressalta a secret\u00e1ria da Administra\u00e7\u00e3o de Sergipe.<\/p>\n\n\n\n<p>Foto: Ascom Sead<\/p>\n","protected":false},"excerpt":{"rendered":"<p>Sergipe participou, em posi\u00e7\u00e3o de destaque, da Miss\u00e3o It\u00e1lia \u2013 Escolas de Governo, realizada pelo Conselho Nacional de Secret\u00e1rios de Estado da Administra\u00e7\u00e3o (Consad) no pa\u00eds europeu. O Estado coordena o Grupo de Trabalho (GT) Escolas de Governo no Consad, e esteve representado nesta agenda internacional pela secret\u00e1ria da Administra\u00e7\u00e3o, Lucivanda Nunes, e pela diretora [&hellip;]<\/p>\n","protected":false},"author":2,"featured_media":6997,"comment_status":"open","ping_status":"open","sticky":false,"template":"","format":"standard","meta":{"footnotes":""},"categories":[6,7],"tags":[],"class_list":["post-6996","post","type-post","status-publish","format-standard","has-post-thumbnail","hentry","category-letreiro","category-sergipe"],"_links":{"self":[{"href":"https:\/\/espacolivresergipe.com.br\/index.php\/wp-json\/wp\/v2\/posts\/6996","targetHints":{"allow":["GET"]}}],"collection":[{"href":"https:\/\/espacolivresergipe.com.br\/index.php\/wp-json\/wp\/v2\/posts"}],"about":[{"href":"https:\/\/espacolivresergipe.com.br\/index.php\/wp-json\/wp\/v2\/types\/post"}],"author":[{"embeddable":true,"href":"https:\/\/espacolivresergipe.com.br\/index.php\/wp-json\/wp\/v2\/users\/2"}],"replies":[{"embeddable":true,"href":"https:\/\/espacolivresergipe.com.br\/index.php\/wp-json\/wp\/v2\/comments?post=6996"}],"version-history":[{"count":1,"href":"https:\/\/espacolivresergipe.com.br\/index.php\/wp-json\/wp\/v2\/posts\/6996\/revisions"}],"predecessor-version":[{"id":6998,"href":"https:\/\/espacolivresergipe.com.br\/index.php\/wp-json\/wp\/v2\/posts\/6996\/revisions\/6998"}],"wp:featuredmedia":[{"embeddable":true,"href":"https:\/\/espacolivresergipe.com.br\/index.php\/wp-json\/wp\/v2\/media\/6997"}],"wp:attachment":[{"href":"https:\/\/espacolivresergipe.com.br\/index.php\/wp-json\/wp\/v2\/media?parent=6996"}],"wp:term":[{"taxonomy":"category","embeddable":true,"href":"https:\/\/espacolivresergipe.com.br\/index.php\/wp-json\/wp\/v2\/categories?post=6996"},{"taxonomy":"post_tag","embeddable":true,"href":"https:\/\/espacolivresergipe.com.br\/index.php\/wp-json\/wp\/v2\/tags?post=6996"}],"curies":[{"name":"wp","href":"https:\/\/api.w.org\/{rel}","templated":true}]}}