{"id":7002,"date":"2025-05-11T08:21:49","date_gmt":"2025-05-11T11:21:49","guid":{"rendered":"https:\/\/espacolivresergipe.com.br\/?p=7002"},"modified":"2025-05-11T08:21:50","modified_gmt":"2025-05-11T11:21:50","slug":"oab-se-celebra-90-anos-de-historia-dedicada-a-cidadania-a-democracia-e-ao-estado-de-direito","status":"publish","type":"post","link":"https:\/\/espacolivresergipe.com.br\/index.php\/2025\/05\/11\/oab-se-celebra-90-anos-de-historia-dedicada-a-cidadania-a-democracia-e-ao-estado-de-direito\/","title":{"rendered":"OAB\/SE Celebra 90 Anos de hist\u00f3ria dedicada \u00e0 cidadania, \u00e0 democracia e ao Estado de Direito"},"content":{"rendered":"\n<p>A Ordem dos Advogados do Brasil \u2013 Seccional Sergipe (OAB\/SE) promover\u00e1, na pr\u00f3xima segunda-feira, 12 de maio, uma cerim\u00f4nia especial em comemora\u00e7\u00e3o aos seus 90 anos de funda\u00e7\u00e3o. Ser\u00e1 uma noite de celebra\u00e7\u00e3o, reflex\u00e3o e homenagem \u00e0queles que constru\u00edram a trajet\u00f3ria de uma das institui\u00e7\u00f5es mais relevantes na defesa da justi\u00e7a, da cidadania e do Estado de Direito em Sergipe.<\/p>\n\n\n\n<p>O presidente da OAB\/SE, Danniel Costa, expressa sua felicidade e orgulho em celebrar este marco hist\u00f3rico. &#8220;S\u00e3o nove d\u00e9cadas de dedica\u00e7\u00e3o, luta e compromisso com a justi\u00e7a e a cidadania. \u00c9 uma honra imensa poder celebrar essa trajet\u00f3ria que revigora nossa miss\u00e3o de fortalecer a advocacia, defender os direitos dos cidad\u00e3os e promover uma sociedade mais justa e democr\u00e1tica&#8221;, afirma.<\/p>\n\n\n\n<p>A solenidade, que ocorrer\u00e1 no Teatro Tobias Barreto a partir das 19h, ser\u00e1 uma oportunidade para revisitar os momentos marcantes da hist\u00f3ria da OAB\/SE, render homenagens aos que contribu\u00edram para seu fortalecimento e reafirmar o compromisso cont\u00ednuo de atuar em defesa da sociedade sergipana.<\/p>\n\n\n\n<p>A OAB\/SE convida toda a sociedade, a advocacia, os profissionais da imprensa e seus colaboradores a participarem desta significativa celebra\u00e7\u00e3o, que marca uma trajet\u00f3ria de 90 anos de lutas e dedica\u00e7\u00e3o \u00e0 nobre causa da justi\u00e7a.<\/p>\n\n\n\n<p>Servi\u00e7o<\/p>\n\n\n\n<p>Evento: Comemora\u00e7\u00e3o dos 90 Anos da OAB\/SE<\/p>\n\n\n\n<p>Data: Segunda-feira, 12 de maio de 2025<\/p>\n\n\n\n<p>Hor\u00e1rio: 19h<\/p>\n\n\n\n<p>Local: Teatro Tobias Barreto &#8211; Av. Presidente Tancredo Neves, 2209 &#8211; In\u00e1cio Barbosa, Aracaju\/SE<\/p>\n\n\n\n<p>Innuve Comunica\u00e7\u00e3o &#8211; Ascom OAB\/SE<\/p>\n","protected":false},"excerpt":{"rendered":"<p>A Ordem dos Advogados do Brasil \u2013 Seccional Sergipe (OAB\/SE) promover\u00e1, na pr\u00f3xima segunda-feira, 12 de maio, uma cerim\u00f4nia especial em comemora\u00e7\u00e3o aos seus 90 anos de funda\u00e7\u00e3o. Ser\u00e1 uma noite de celebra\u00e7\u00e3o, reflex\u00e3o e homenagem \u00e0queles que constru\u00edram a trajet\u00f3ria de uma das institui\u00e7\u00f5es mais relevantes na defesa da justi\u00e7a, da cidadania e do [&hellip;]<\/p>\n","protected":false},"author":2,"featured_media":7003,"comment_status":"open","ping_status":"open","sticky":false,"template":"","format":"standard","meta":{"footnotes":""},"categories":[6,2],"tags":[],"class_list":["post-7002","post","type-post","status-publish","format-standard","has-post-thumbnail","hentry","category-letreiro","category-politica"],"_links":{"self":[{"href":"https:\/\/espacolivresergipe.com.br\/index.php\/wp-json\/wp\/v2\/posts\/7002","targetHints":{"allow":["GET"]}}],"collection":[{"href":"https:\/\/espacolivresergipe.com.br\/index.php\/wp-json\/wp\/v2\/posts"}],"about":[{"href":"https:\/\/espacolivresergipe.com.br\/index.php\/wp-json\/wp\/v2\/types\/post"}],"author":[{"embeddable":true,"href":"https:\/\/espacolivresergipe.com.br\/index.php\/wp-json\/wp\/v2\/users\/2"}],"replies":[{"embeddable":true,"href":"https:\/\/espacolivresergipe.com.br\/index.php\/wp-json\/wp\/v2\/comments?post=7002"}],"version-history":[{"count":1,"href":"https:\/\/espacolivresergipe.com.br\/index.php\/wp-json\/wp\/v2\/posts\/7002\/revisions"}],"predecessor-version":[{"id":7004,"href":"https:\/\/espacolivresergipe.com.br\/index.php\/wp-json\/wp\/v2\/posts\/7002\/revisions\/7004"}],"wp:featuredmedia":[{"embeddable":true,"href":"https:\/\/espacolivresergipe.com.br\/index.php\/wp-json\/wp\/v2\/media\/7003"}],"wp:attachment":[{"href":"https:\/\/espacolivresergipe.com.br\/index.php\/wp-json\/wp\/v2\/media?parent=7002"}],"wp:term":[{"taxonomy":"category","embeddable":true,"href":"https:\/\/espacolivresergipe.com.br\/index.php\/wp-json\/wp\/v2\/categories?post=7002"},{"taxonomy":"post_tag","embeddable":true,"href":"https:\/\/espacolivresergipe.com.br\/index.php\/wp-json\/wp\/v2\/tags?post=7002"}],"curies":[{"name":"wp","href":"https:\/\/api.w.org\/{rel}","templated":true}]}}